{"id":97872,"date":"2019-07-22T13:42:56","date_gmt":"2019-07-22T11:42:56","guid":{"rendered":"https:\/\/zjarr.tv\/?p=97872"},"modified":"2019-07-22T13:42:56","modified_gmt":"2019-07-22T11:42:56","slug":"vr-asja-e-presidentit-te-camerise-ja-cfare-shkruajne-mediat-greke","status":"publish","type":"post","link":"https:\/\/zjarr.tv\/en\/vr-asja-e-presidentit-te-camerise-ja-cfare-shkruajne-mediat-greke\/","title":{"rendered":"Vr.asja e \u2018presidentit\u2019 t\u00eb \u00c7am\u00ebris\u00eb, ja \u00e7far\u00eb shkruajn\u00eb mediat greke"},"content":{"rendered":"<p>Nj\u00eb dit\u00eb pas vrasjes t\u00eb t\u00eb vet\u00ebshpallurit president t\u00eb \u00c7am\u00ebris\u00eb Festim Lato n\u00eb Holand\u00eb, p\u00ebr t\u00eb kan\u00eb shkruar edhe mediat greke.<\/p>\n<p>Nj\u00eb nga mediat helene shprehet se Lato ishte thjesht nj\u00eb president i supozuar i \u00c7am\u00ebris\u00eb.<\/p>\n<p>N\u00eb shkrim thuhet se ai e konsideronte veten kryetar t\u00eb \u00c7am\u00ebris\u00eb, nj\u00eb zon\u00eb, q\u00eb mediat greke e quajn\u00eb t\u00eb tyren.<\/p>\n<p>\u2018Nj\u00eb shqiptar thuhet n\u00eb mediat holandeze, Festim Lato \u00ebsht\u00eb gjetur i vdekur n\u00eb Holand\u00eb. N\u00eb mediat e Holand\u00ebs thuhet se Lato mund t\u00eb jet\u00eb vrar\u00eb p\u00ebr arsye politike. Ai ishte nj\u00eb person q\u00eb e konsideronte veten president t\u00eb \u00c7am\u00ebris\u00eb, nj\u00eb zon\u00eb greke.<\/p>\n<p>\u00c7am\u00ebria quhet e till\u00eb nga nacionalist\u00ebt shqiptar\u00eb. Lato n\u00eb projektin e tij thoshte se \u00c7am\u00ebria ishte e Shqip\u00ebris\u00eb, por u aneksua nga Greqia. K\u00ebshtu ai paraqitej edhe n\u00eb Bruksel dhe n\u00eb seli diplomatike\u2019, shkruhet m\u00eb tej n\u00eb artikullin e medias greke.<\/p>\n<p>Sipas mediave t\u00eb Greqis\u00eb, Festim Lato paraqitej si president i nj\u00eb shteti q\u00eb nuk ekzistonte.<\/p>\n<p>&nbsp;<\/p>","protected":false},"excerpt":{"rendered":"<p>Nj\u00eb dit\u00eb pas vrasjes t\u00eb t\u00eb vet\u00ebshpallurit president t\u00eb \u00c7am\u00ebris\u00eb Festim Lato n\u00eb Holand\u00eb, p\u00ebr t\u00eb kan\u00eb shkruar edhe mediat greke. Nj\u00eb nga mediat helene shprehet se Lato ishte thjesht nj\u00eb president i supozuar i \u00c7am\u00ebris\u00eb. N\u00eb shkrim thuhet se ai e konsideronte veten kryetar t\u00eb \u00c7am\u00ebris\u00eb, nj\u00eb zon\u00eb, q\u00eb mediat greke e quajn\u00eb t\u00eb [&hellip;]<\/p>\n","protected":false},"author":2013,"featured_media":97873,"comment_status":"open","ping_status":"closed","sticky":false,"template":"","format":"standard","meta":{"footnotes":""},"categories":[241,235],"tags":[],"class_list":{"0":"post-97872","1":"post","2":"type-post","3":"status-publish","4":"format-standard","5":"has-post-thumbnail","7":"category-aktualitet","8":"category-vendi"},"_links":{"self":[{"href":"https:\/\/zjarr.tv\/en\/wp-json\/wp\/v2\/posts\/97872","targetHints":{"allow":["GET"]}}],"collection":[{"href":"https:\/\/zjarr.tv\/en\/wp-json\/wp\/v2\/posts"}],"about":[{"href":"https:\/\/zjarr.tv\/en\/wp-json\/wp\/v2\/types\/post"}],"author":[{"embeddable":true,"href":"https:\/\/zjarr.tv\/en\/wp-json\/wp\/v2\/users\/2013"}],"replies":[{"embeddable":true,"href":"https:\/\/zjarr.tv\/en\/wp-json\/wp\/v2\/comments?post=97872"}],"version-history":[{"count":0,"href":"https:\/\/zjarr.tv\/en\/wp-json\/wp\/v2\/posts\/97872\/revisions"}],"wp:featuredmedia":[{"embeddable":true,"href":"https:\/\/zjarr.tv\/en\/wp-json\/wp\/v2\/media\/97873"}],"wp:attachment":[{"href":"https:\/\/zjarr.tv\/en\/wp-json\/wp\/v2\/media?parent=97872"}],"wp:term":[{"taxonomy":"category","embeddable":true,"href":"https:\/\/zjarr.tv\/en\/wp-json\/wp\/v2\/categories?post=97872"},{"taxonomy":"post_tag","embeddable":true,"href":"https:\/\/zjarr.tv\/en\/wp-json\/wp\/v2\/tags?post=97872"}],"curies":[{"name":"wp","href":"https:\/\/api.w.org\/{rel}","templated":true}]}}