{"id":97894,"date":"2019-07-22T14:21:57","date_gmt":"2019-07-22T12:21:57","guid":{"rendered":"https:\/\/zjarr.tv\/?p=97894"},"modified":"2019-07-22T14:21:57","modified_gmt":"2019-07-22T12:21:57","slug":"sizmologu-i-njohur-paralajmeron-nje-termet-apokaliptik-ne-ballkan","status":"publish","type":"post","link":"https:\/\/zjarr.tv\/en\/sizmologu-i-njohur-paralajmeron-nje-termet-apokaliptik-ne-ballkan\/","title":{"rendered":"Sizmologu i njohur paralajm\u00ebron nj\u00eb t\u00ebrmet apokaliptik n\u00eb Ballkan"},"content":{"rendered":"<p>Pas t\u00ebrmetit t\u00eb madh 5.1 ball\u00eb t\u00eb sh\u00ebnjuar dit\u00ebt e fundit n\u00eb rajonin e Athin\u00ebs drejtori i Institutit Gjeodinamik, Akis Tselentis, ka folur p\u00ebr mund\u00ebsin\u00eb e nj\u00eb t\u00ebrmeti edhe m\u00eb t\u00eb madh, 6 Ball\u00eb Rihter, duke paralajm\u00ebruar se, \u2018ne duhet t\u00eb jemi gati\u2019.<\/p>\n<p>\u2018Ne kemi nj\u00eb gjigant pran\u00eb nesh. Alkyonides. N\u00eb nj\u00eb moment, ata do t\u00eb b\u00ebrtasin dhe shp\u00ebrthejn\u00eb, dhe pastaj mjerim\u2019, deklaroi Tchelentis p\u00ebr ANT1, sot t\u00eb h\u00ebn\u00ebn n\u00eb m\u00ebngjes duke paralajm\u00ebruar se, \u2018duhet t\u00eb jemi gati\u2019.<\/p>\n<p>Sizmologu i njohur, foli p\u00ebr nj\u00eb t\u00ebrmet prej 30 her\u00eb m\u00eb t\u00eb madh, nga 6 Rihter, duke theksuar \u2018se n\u00eb \u00e7do \u00e7ast ai mund t\u00eb ndodh\u00eb!\u2019.<\/p>\n<p>Me t\u00ebrmetin 5,1 Rihter q\u00eb goditi Athin\u00ebn tre dit\u00eb m\u00eb par\u00eb, ai vuri n\u00eb dukje se: \u2018T\u00eb gjith\u00eb thon\u00eb se Athina e p\u00ebrballoi. Nuk e p\u00ebrballoi. Mendoni se \u00e7far\u00eb do t\u00eb ndodhte n\u00eb qoft\u00eb se t\u00ebrmeti t\u00eb ishte 6 Rihter. Kjo \u00ebsht\u00eb, 30 her\u00eb m\u00eb e madhe\u2019<\/p>\n<p>&nbsp;<\/p>","protected":false},"excerpt":{"rendered":"<p>Pas t\u00ebrmetit t\u00eb madh 5.1 ball\u00eb t\u00eb sh\u00ebnjuar dit\u00ebt e fundit n\u00eb rajonin e Athin\u00ebs drejtori i Institutit Gjeodinamik, Akis Tselentis, ka folur p\u00ebr mund\u00ebsin\u00eb e nj\u00eb t\u00ebrmeti edhe m\u00eb t\u00eb madh, 6 Ball\u00eb Rihter, duke paralajm\u00ebruar se, \u2018ne duhet t\u00eb jemi gati\u2019. \u2018Ne kemi nj\u00eb gjigant pran\u00eb nesh. Alkyonides. N\u00eb nj\u00eb moment, ata do [&hellip;]<\/p>\n","protected":false},"author":2013,"featured_media":59368,"comment_status":"open","ping_status":"closed","sticky":false,"template":"","format":"standard","meta":{"footnotes":""},"categories":[241,235],"tags":[],"class_list":{"0":"post-97894","1":"post","2":"type-post","3":"status-publish","4":"format-standard","5":"has-post-thumbnail","7":"category-aktualitet","8":"category-vendi"},"_links":{"self":[{"href":"https:\/\/zjarr.tv\/en\/wp-json\/wp\/v2\/posts\/97894","targetHints":{"allow":["GET"]}}],"collection":[{"href":"https:\/\/zjarr.tv\/en\/wp-json\/wp\/v2\/posts"}],"about":[{"href":"https:\/\/zjarr.tv\/en\/wp-json\/wp\/v2\/types\/post"}],"author":[{"embeddable":true,"href":"https:\/\/zjarr.tv\/en\/wp-json\/wp\/v2\/users\/2013"}],"replies":[{"embeddable":true,"href":"https:\/\/zjarr.tv\/en\/wp-json\/wp\/v2\/comments?post=97894"}],"version-history":[{"count":0,"href":"https:\/\/zjarr.tv\/en\/wp-json\/wp\/v2\/posts\/97894\/revisions"}],"wp:featuredmedia":[{"embeddable":true,"href":"https:\/\/zjarr.tv\/en\/wp-json\/wp\/v2\/media\/59368"}],"wp:attachment":[{"href":"https:\/\/zjarr.tv\/en\/wp-json\/wp\/v2\/media?parent=97894"}],"wp:term":[{"taxonomy":"category","embeddable":true,"href":"https:\/\/zjarr.tv\/en\/wp-json\/wp\/v2\/categories?post=97894"},{"taxonomy":"post_tag","embeddable":true,"href":"https:\/\/zjarr.tv\/en\/wp-json\/wp\/v2\/tags?post=97894"}],"curies":[{"name":"wp","href":"https:\/\/api.w.org\/{rel}","templated":true}]}}