{"id":97896,"date":"2019-07-22T14:50:05","date_gmt":"2019-07-22T12:50:05","guid":{"rendered":"https:\/\/zjarr.tv\/?p=97896"},"modified":"2019-07-22T14:50:05","modified_gmt":"2019-07-22T12:50:05","slug":"revolta-e-unazes-balliu-rama-provokon-protestuesit-e-opozites-kerkon-viktima","status":"publish","type":"post","link":"https:\/\/zjarr.tv\/en\/revolta-e-unazes-balliu-rama-provokon-protestuesit-e-opozites-kerkon-viktima\/","title":{"rendered":"Revolta e Unaz\u00ebs, Balliu: Rama provokon protestuesit e opozit\u00ebs, k\u00ebrkon viktima"},"content":{"rendered":"<p>Ish-deputeti i PD Klevis Balliu i ftuar n\u00eb rubkrik\u00ebn \u201cOpinion\u201d n\u00eb \u201cNe\u00ebs 24\u201d \u00a0shprehet se Edi Rama b\u00ebn provokime ndaj protestave t\u00eb opozit\u00ebs.<\/p>\n<p>Balliu thekson se Rama provokon dhe k\u00ebrkon viktima, me q\u00ebllim q\u00eb t\u00eb shp\u00ebtoj\u00eb kok\u00ebn e tij.<\/p>\n<p>\u201cProtesta e qytetar\u00ebve te Unaza e Re ka shp\u00ebtuar 40 milion\u00eb euro. Protestat kan\u00eb demaskuar projektin. Rama k\u00ebrkon gjak p\u00ebr t\u00eb shp\u00ebtuar kok\u00ebn e tij. Ajo q\u00eb m\u00eb shqet\u00ebson mua \u00ebsht\u00eb gjendja e atyre banor\u00ebve. N\u00eb vend q\u00eb Rama dhe qeveria t\u00eb qet\u00ebsoj\u00eb situat\u00ebn, provokon. Edi Rama provokon q\u00eb t\u00eb ket\u00eb p\u00ebrplasje. Por, p\u00ebrplasja te Unaza mund t\u00eb sjell\u00eb pasoja t\u00eb m\u00ebdha dhe t\u00eb parikuperueshme.\u201d, tha Balliu.<\/p>\n<p>Sipas tij, Rama \u00ebsht\u00eb fajtori p\u00ebr gjith\u00e7ka, pasi n\u00eb k\u00ebt\u00eb mes nuk kan\u00eb faj as polic\u00ebt dhe as banor\u00ebt.<\/p>\n<p>\u201cAsnj\u00eb polic nuk ka faj. K\u00ebtu banor\u00ebt nuk kan\u00eb faj. Pse duhet t\u00eb p\u00ebrplasen polic\u00ebt me banor\u00ebt, p\u00ebr Ram\u00ebn? Duhet t\u00eb p\u00ebrplaset gjith\u00eb Shqip\u00ebria, t\u00eb kemi viktima n\u00eb bulevard q\u00eb t\u00eb ket\u00eb viktima dhe Rama t\u00eb shp\u00ebtoj\u00eb karrigen. Rama ka futur njer\u00ebz n\u00eb protesta p\u00ebr provokime. Qeveria t\u00eb distancohet nga veprimet e dhunshme. Zgjidhja \u00ebsht\u00eb e leht\u00eb. Rama t\u00eb legalizoj\u00eb si\u00e7 ka legalizuar nd\u00ebrtesa t\u00eb tjera n\u00eb Tiran\u00eb\u201d, shtoi ai.<\/p>\n<p>P\u00ebr Balliun, Rama \u00e7on polic\u00eb te Unaza dhe kudo ku ka kauza qytetare, me q\u00ebllim q\u00eb t\u00eb t\u00ebrheq\u00eb v\u00ebmendjen nga votimet moniste skandaloze t\u00eb 30 qershorit, ku p\u00ebr t\u00eb, u vodh\u00ebn edhe vota.<\/p>\n<p>\u201cDje solli policin\u00eb, p\u00ebr t\u00eb fshehur dram\u00ebn e madhe politike t\u00eb udh\u00ebhequr nga Rama. Ai b\u00ebri 30 qershorin, zgjedhje diktatoriale n\u00eb vend, duke tentuar t\u00eb kthej\u00eb sistemin diktatorial n\u00eb Shqip\u00ebri. Sot Policia e Shtetit, konkretisht Komisariati num\u00ebr 6, me urdh\u00ebr politik \u00ebsht\u00eb k\u00ebrkuar shoq\u00ebrimi i banor\u00ebve. Pse duhet t\u00eb arrestohen? Q\u00eb kur \u00ebsht\u00eb ndaluar t\u00eb protestohet n\u00eb vendin ton\u00eb? Kjo \u00ebsht\u00eb qeveri banditeske\u201d, u shpreh Balliu.<\/p>\n<p>Klevis Balliu theksoi se opozita nuk b\u00ebn pushim me protesta dhe demonstrata, p\u00ebr sa koh\u00eb q\u00eb edhe krimi n\u00eb pushtet nuk b\u00ebn pushim. Ai vler\u00ebsoi se drejt\u00ebsia \u00ebsht\u00eb kapur nga Edi Rama.<\/p>\n<p>&nbsp;<\/p>","protected":false},"excerpt":{"rendered":"<p>Ish-deputeti i PD Klevis Balliu i ftuar n\u00eb rubkrik\u00ebn \u201cOpinion\u201d n\u00eb \u201cNe\u00ebs 24\u201d \u00a0shprehet se Edi Rama b\u00ebn provokime ndaj protestave t\u00eb opozit\u00ebs. Balliu thekson se Rama provokon dhe k\u00ebrkon viktima, me q\u00ebllim q\u00eb t\u00eb shp\u00ebtoj\u00eb kok\u00ebn e tij. \u201cProtesta e qytetar\u00ebve te Unaza e Re ka shp\u00ebtuar 40 milion\u00eb euro. Protestat kan\u00eb demaskuar projektin. [&hellip;]<\/p>\n","protected":false},"author":2013,"featured_media":87433,"comment_status":"open","ping_status":"closed","sticky":false,"template":"","format":"standard","meta":{"footnotes":""},"categories":[241,235],"tags":[],"class_list":{"0":"post-97896","1":"post","2":"type-post","3":"status-publish","4":"format-standard","5":"has-post-thumbnail","7":"category-aktualitet","8":"category-vendi"},"_links":{"self":[{"href":"https:\/\/zjarr.tv\/en\/wp-json\/wp\/v2\/posts\/97896","targetHints":{"allow":["GET"]}}],"collection":[{"href":"https:\/\/zjarr.tv\/en\/wp-json\/wp\/v2\/posts"}],"about":[{"href":"https:\/\/zjarr.tv\/en\/wp-json\/wp\/v2\/types\/post"}],"author":[{"embeddable":true,"href":"https:\/\/zjarr.tv\/en\/wp-json\/wp\/v2\/users\/2013"}],"replies":[{"embeddable":true,"href":"https:\/\/zjarr.tv\/en\/wp-json\/wp\/v2\/comments?post=97896"}],"version-history":[{"count":0,"href":"https:\/\/zjarr.tv\/en\/wp-json\/wp\/v2\/posts\/97896\/revisions"}],"wp:featuredmedia":[{"embeddable":true,"href":"https:\/\/zjarr.tv\/en\/wp-json\/wp\/v2\/media\/87433"}],"wp:attachment":[{"href":"https:\/\/zjarr.tv\/en\/wp-json\/wp\/v2\/media?parent=97896"}],"wp:term":[{"taxonomy":"category","embeddable":true,"href":"https:\/\/zjarr.tv\/en\/wp-json\/wp\/v2\/categories?post=97896"},{"taxonomy":"post_tag","embeddable":true,"href":"https:\/\/zjarr.tv\/en\/wp-json\/wp\/v2\/tags?post=97896"}],"curies":[{"name":"wp","href":"https:\/\/api.w.org\/{rel}","templated":true}]}}