{"id":97934,"date":"2019-07-22T15:31:44","date_gmt":"2019-07-22T13:31:44","guid":{"rendered":"https:\/\/zjarr.tv\/?p=97934"},"modified":"2019-07-22T15:31:44","modified_gmt":"2019-07-22T13:31:44","slug":"sezoni-turistik-ne-shengjin-policia-ne-gatishmeri-per-garantimin-e-sigurise","status":"publish","type":"post","link":"https:\/\/zjarr.tv\/en\/sezoni-turistik-ne-shengjin-policia-ne-gatishmeri-per-garantimin-e-sigurise\/","title":{"rendered":"Sezoni turistik n\u00eb Sh\u00ebngjin, policia n\u00eb gatishm\u00ebri p\u00ebr garantimin e siguris\u00eb"},"content":{"rendered":"<p>Sh\u00ebrbimet e Policis\u00eb s\u00eb Shtetit n\u00eb bashk\u00ebpunim me policin\u00eb kosovare jan\u00eb angazhuar maksimalisht p\u00ebr t\u00eb garantuar nj\u00eb ambient t\u00eb sigurt p\u00ebr turist\u00ebt vendas e t\u00eb huaj.<\/p>\n<p>Shefi i Sektorit t\u00eb Qarkullimit Rrugor n\u00eb DVP Lezh\u00eb, Altin Mena u shpreh se\u00a0<em>\u201csi \u00e7do sezon veror, edhe k\u00ebt\u00eb sezon Policia e Shtetit ka marr\u00eb t\u00eb gjitha masat p\u00ebr mbar\u00ebvajtjen e sezonit veror, ve\u00e7an\u00ebrisht t\u00eb trafikut rrugor p\u00ebr shkak t\u00eb fluksit t\u00eb madh dhe mbingarkes\u00ebs q\u00eb ka sezoni veror n\u00eb Qarkun e Lezh\u00ebs. Gjithashtu n\u00eb sh\u00ebrbim t\u00eb Policis\u00eb lokale kan\u00eb ardhur dhe grupet e FNSH-s\u00eb. T\u00eb gjitha sh\u00ebrbimet e Policis\u00eb s\u00eb Shtetit jan\u00eb n\u00eb dispozicion t\u00eb pushuesve dhe qytetar\u00ebve q\u00eb jetojn\u00eb dhe banojn\u00eb n\u00eb Qarkun e Lezh\u00ebs\u201d.<\/em><\/p>\n<p>Ernest Ymeraj, oficer i Patrull\u00ebs s\u00eb P\u00ebrgjithshme n\u00ebnvizoi se\u00a0<em>\u201csi \u00e7do dit\u00eb ne patrullojm\u00eb n\u00eb t\u00eb gjith\u00eb vij\u00ebn bregdetare t\u00eb Sh\u00ebngjinit, duke iu gjendur sa m\u00eb af\u00ebr pushuesve, t\u00eb cil\u00ebt jan\u00eb shum\u00eb bashk\u00ebpunues dhe dashamir\u00ebs ndaj Policis\u00eb s\u00eb Shtetit. Kjo gj\u00eb na impenjon t\u00eb jemi sa m\u00eb pran\u00eb tyre, p\u00ebr \u00e7do problem q\u00eb mund t\u00eb ken\u00eb gjat\u00eb pushimeve t\u00eb tyre. Ju urojm\u00eb pushuesve pushime t\u00eb mbara dhe i sigurojm\u00eb q\u00eb Policia e Shtetit \u00ebsht\u00eb n\u00eb sh\u00ebrbim t\u00eb tyre\u201d.<\/em><\/p>\n<p>Nd\u00ebrsa Bejtush Alshiqi, nga Nj\u00ebsia e Kontrollit t\u00eb Autostradave n\u00eb Kosov\u00eb thekson se edhe policia kosovare \u00ebsht\u00eb prezente n\u00eb rrug\u00ebt er Shqip\u00ebris\u00eb p\u00ebr mbar\u00ebvajtjen e sezonit turistik.<\/p>\n<p><strong>Alshiqi:\u00a0<\/strong><em>Jemi zyrtar\u00eb t\u00eb Policis\u00eb s\u00eb Kosov\u00ebs. Kemi ardhur n\u00eb Shqip\u00ebri, t\u00eb bashk\u00ebpunojm\u00eb sikur \u00ebsht\u00eb kontrata mes dy shteteve, k\u00ebshtu q\u00eb do mundohemi t\u00eb b\u00ebjm\u00eb disa bashk\u00ebpunime t\u00eb mira, p\u00ebr tu ardhur n\u00eb ndihm\u00eb sipas rregullave t\u00eb Qarkullimit Rrugor. Do t&#8217;i ndihmojm\u00eb koleg\u00ebt shqiptar\u00eb p\u00ebr rregullimin e trafikut, pasi ky \u00ebsht\u00eb nj\u00eb fluks i madh i bashkatdhetar\u00ebve tan\u00eb si turist\u00eb. Besoj q\u00eb kemi p\u00ebr t\u00eb kaluar mir\u00eb, ju p\u00ebrsh\u00ebndes p\u00ebr mikpritjen q\u00eb na keni b\u00ebr\u00eb.<\/em><\/p>\n<p>Edhe Policia Kufitare ka shtuar patrullimet, pohon punonj\u00ebsi i policis\u00eb kufitare Oltion Leka.<\/p>\n<p><strong>Leka<\/strong><em>:\u00a0Jemi n\u00eb nj\u00eb patrullim t\u00eb zakonsh\u00ebm n\u00eb vij\u00ebn bregdetare t\u00eb Lezh\u00ebs, mbulojm\u00eb zon\u00ebn e Ran\u00ebs s\u00eb Hedhun, qytetin e Sh\u00ebngjinit dhe zon\u00ebn e Tales. Jemi k\u00ebtu p\u00ebr garantimin e qet\u00ebsis\u00eb s\u00eb pushuesve dhe p\u00ebr tu ardhur n\u00eb ndihm\u00eb pushuesve n\u00eb rast se ata kan\u00eb nevoj\u00eb, si dhe p\u00ebr kontrollin e mjeteve lundruese q\u00eb t\u00eb mos p\u00ebrb\u00ebjn\u00eb rrezik n\u00eb zonat e plazheve. Kemi nj\u00eb bashk\u00ebpunim t\u00eb mir\u00eb me Policin\u00eb e Rendit dhe patrullat tok\u00ebsore, p\u00ebr koordinimin e veprimeve tok\u00eb &#8211; det, p\u00ebr tu ardhur n\u00eb ndihm\u00eb sa m\u00eb shpejt dhe m\u00eb sakt\u00eb, p\u00ebr \u00e7do problematik\u00eb q\u00eb mund t\u00eb ndodh\u00eb, t\u00eb jemi aty n\u00eb moment.<\/em><\/p>\n<p>Policia e Sh\u00ebngjinit mbulon nj\u00eb zon\u00eb me trafik t\u00eb lart\u00eb l\u00ebvizje dhe num\u00ebr t\u00eb lart\u00eb pushuesish n\u00eb k\u00ebto muaj.<\/p>\n<p>Oficeri i Patrull\u00ebs s\u00eb P\u00ebrgjithshme, n\u00eb Stacionin e Policis\u00eb Sh\u00ebngjin, Pal Bushgjokaj u shpreh se\u00a0<em>\u201cGjat\u00eb or\u00ebve para t\u00eb m\u00ebngjesit kalojm\u00eb n\u00eb mb\u00ebshtetje t\u00eb Policis\u00eb Rrugore p\u00ebr arsyen e sistemimit t\u00eb trafikut n\u00eb qytet dhe pastaj n\u00eb or\u00ebt n\u00eb vazhdim patrullojm\u00eb t\u00eb gjith\u00eb sektor\u00ebt e plazhit dhe marrim kontakt me pushuesit p\u00ebr problemin q\u00eb mund t\u00eb ken\u00eb.\u201d<\/em><\/p>\n<p>&nbsp;<\/p>","protected":false},"excerpt":{"rendered":"<p>Sh\u00ebrbimet e Policis\u00eb s\u00eb Shtetit n\u00eb bashk\u00ebpunim me policin\u00eb kosovare jan\u00eb angazhuar maksimalisht p\u00ebr t\u00eb garantuar nj\u00eb ambient t\u00eb sigurt p\u00ebr turist\u00ebt vendas e t\u00eb huaj. Shefi i Sektorit t\u00eb Qarkullimit Rrugor n\u00eb DVP Lezh\u00eb, Altin Mena u shpreh se\u00a0\u201csi \u00e7do sezon veror, edhe k\u00ebt\u00eb sezon Policia e Shtetit ka marr\u00eb t\u00eb gjitha masat p\u00ebr [&hellip;]<\/p>\n","protected":false},"author":2013,"featured_media":97935,"comment_status":"open","ping_status":"closed","sticky":false,"template":"","format":"standard","meta":{"footnotes":""},"categories":[241,235],"tags":[],"class_list":{"0":"post-97934","1":"post","2":"type-post","3":"status-publish","4":"format-standard","5":"has-post-thumbnail","7":"category-aktualitet","8":"category-vendi"},"_links":{"self":[{"href":"https:\/\/zjarr.tv\/en\/wp-json\/wp\/v2\/posts\/97934","targetHints":{"allow":["GET"]}}],"collection":[{"href":"https:\/\/zjarr.tv\/en\/wp-json\/wp\/v2\/posts"}],"about":[{"href":"https:\/\/zjarr.tv\/en\/wp-json\/wp\/v2\/types\/post"}],"author":[{"embeddable":true,"href":"https:\/\/zjarr.tv\/en\/wp-json\/wp\/v2\/users\/2013"}],"replies":[{"embeddable":true,"href":"https:\/\/zjarr.tv\/en\/wp-json\/wp\/v2\/comments?post=97934"}],"version-history":[{"count":0,"href":"https:\/\/zjarr.tv\/en\/wp-json\/wp\/v2\/posts\/97934\/revisions"}],"wp:featuredmedia":[{"embeddable":true,"href":"https:\/\/zjarr.tv\/en\/wp-json\/wp\/v2\/media\/97935"}],"wp:attachment":[{"href":"https:\/\/zjarr.tv\/en\/wp-json\/wp\/v2\/media?parent=97934"}],"wp:term":[{"taxonomy":"category","embeddable":true,"href":"https:\/\/zjarr.tv\/en\/wp-json\/wp\/v2\/categories?post=97934"},{"taxonomy":"post_tag","embeddable":true,"href":"https:\/\/zjarr.tv\/en\/wp-json\/wp\/v2\/tags?post=97934"}],"curies":[{"name":"wp","href":"https:\/\/api.w.org\/{rel}","templated":true}]}}