{"id":98024,"date":"2019-07-23T14:05:28","date_gmt":"2019-07-23T12:05:28","guid":{"rendered":"https:\/\/zjarr.tv\/?p=98024"},"modified":"2019-07-23T14:05:28","modified_gmt":"2019-07-23T12:05:28","slug":"basha-rama-prodhoi-shume-varferi-per-shqiptaret-shume-miliona-per-klientet-e-vet","status":"publish","type":"post","link":"https:\/\/zjarr.tv\/en\/basha-rama-prodhoi-shume-varferi-per-shqiptaret-shume-miliona-per-klientet-e-vet\/","title":{"rendered":"Basha: Rama prodhoi shum\u00eb varf\u00ebri p\u00ebr shqiptar\u00ebt, shum\u00eb miliona p\u00ebr klient\u00ebt e vet"},"content":{"rendered":"<p>&nbsp;<\/p>\n<p>Kryetari i opozit\u00ebs, Lulzim Basha, deklaroi nga Tropoja se qeveria ka diskriminuar bashkit\u00eb e veriut p\u00ebr t\u00eb nd\u00ebshkuar politikisht qytetar\u00ebt q\u00eb nuk mb\u00ebshtesin qeverin\u00eb e Edi Ram\u00ebs.<\/p>\n<p>Kreu i opozit\u00ebs, i cili ndodhet sot n\u00eb nj\u00eb tur takimesh n\u00eb\u00a0 veri dhe verilindje t\u00eb vendit t\u00eb vendit tha se fondet kan\u00eb shkuar p\u00ebr bashkit\u00eb kliente t\u00eb Edi Ram\u00ebs.<\/p>\n<p>\u2018Vet\u00ebm Veliera e Durr\u00ebsit ka kushtuar m\u00eb shum\u00eb sesa \u00e7\u2019ka marr\u00eb investime i gjith\u00eb qarku i Shkodr\u00ebs. Ky \u00ebsht\u00eb aparteid.\u2019- tha Basha n\u00eb nj\u00eb takim informal me strukturat e PD n\u00eb Tropoj\u00eb.<\/p>\n<p>Kreu i opozit\u00ebs ndau me demokrat\u00ebt shqet\u00ebsimin p\u00ebr gjendjen e r\u00ebnd\u00eb ekonomike n\u00eb vend, p\u00ebr shkak t\u00eb p\u00ebrqendrimit t\u00eb ekonomis\u00eb n\u00eb pak duar klient\u00ebsh dhe oligark\u00ebsh t\u00eb Edi Ram\u00ebs.<\/p>\n<p>\u2018Pasurit\u00eb minerale, bregdetin, pyjet, gjith\u00eb ekonomin\u00eb ua ka dh\u00ebn\u00eb p\u00ebr dy lek\u00eb klient\u00ebve t\u00eb vet, oligark\u00ebve dhe t\u00eb fort\u00ebve, m\u00eb t\u00eb cil\u00ebt grabit vendin. Pasurit\u00eb natyrore, mineralet mbanin dikur ekonomin\u00eb dhe ushqenin Shqip\u00ebrin\u00eb, kurse sot nga to nuk merren as taksa dhe asnj\u00eb p\u00ebrfitim p\u00ebr shqiptar\u00ebt, por vet\u00ebm pasurim p\u00ebr oligark\u00ebt grabitqar\u00eb\u2019- u shpreh Basha.<\/p>\n<p>Kreu i opozit\u00ebs theksoi me shqet\u00ebsim se politika grabitqare e qeveris\u00eb nuk ka prodhuar mir\u00ebqenie p\u00ebrmes turizmit apo tregtis\u00eb.<\/p>\n<p>\u2018Ato kan\u00eb prodhuar miliona p\u00ebr klient\u00ebt e Ram\u00ebs dhe m\u00eb shum\u00eb varf\u00ebri p\u00ebr popullin. &#8211; tha Basha. &#8211; K\u00ebto politika grabitqare po shkat\u00ebrrojn\u00eb turizmin dhe ekonomit\u00eb e vogla familjare p\u00ebr t\u00eb pasuruar klient\u00ebt grabitqar\u00eb t\u00eb Ram\u00ebs\u2019.<\/p>\n<p>Kreu i opozit\u00ebs u shpreh se vendimet speciale t\u00eb qeveris\u00eb p\u00ebr llogari t\u00eb pak oligark\u00ebve, u kan\u00eb hequr shqiptar\u00ebve t\u00eb drejt\u00ebn q\u00eb t\u00eb g\u00ebzojn\u00eb pasurit\u00eb e vendit.<\/p>\n<p>\u2018Bregdetin ua ka vjedhur qytetar\u00ebve dhe ia ka dh\u00ebn\u00eb me vendime speciale oligark\u00ebve, q\u00eb kan\u00eb nd\u00ebrtuar n\u00eb toka t\u00eb vjedhura buz\u00eb detit. Ka marr\u00eb pyjet dhe ua ka dh\u00ebn\u00eb p\u00ebr dy lek\u00eb oligark\u00ebve. Pyjet kan\u00eb qen\u00eb t\u00eb shqiptar\u00ebve tani jan\u00eb t\u00eb oligark\u00ebve.<\/p>\n<p>Lumenjt\u00eb, kanionet, uj\u00ebvarat po ua merr shqiptar\u00ebve dhe po ua jep oligark\u00ebve p\u00ebr hidrocentrale dhe betonizim. Ato kan\u00eb qen\u00eb t\u00eb shqiptar\u00ebve, tani jan\u00eb t\u00eb oligark\u00ebve gabitqar\u00eb.\u2019- theksoi kreu i opozit\u00ebs, duke v\u00ebn\u00eb ne dukje duke pasojat shkaterruese p\u00ebr ekonomin\u00eb t\u00eb vendimeve t\u00eb qeveris\u00eb n\u00eb k\u00ebto 6 vjet.<\/p>\n<p>Lideri i opozit\u00ebs theksoi q\u00ebllimi i aksionit politik t\u00eb opozit\u00ebs ka q\u00ebllim largimin e Edi Ram\u00ebs, qeverin\u00eb tranzitore q\u00eb do t\u00eb p\u00ebrgatis\u00eb zgjedhjet e parakohshme. \u2018Vendimi p\u00ebr mospjes\u00ebmarrjen n\u00eb fars\u00ebn e 30 qershorit ishte vendim politik unanim p\u00ebr t\u00eb vazhduar betej\u00ebn, p\u00ebr t\u00eb arritur objektivin ton\u00eb, largimin e k\u00ebsaj qeverie dhe k\u00ebtij kryeministri, rikthimin e t\u00eb drejt\u00ebs shqiptar\u00ebve p\u00ebr t\u00eb zgjedhur me vot\u00eb parlamentin dhe pushtetin vendor q\u00eb meritojn\u00eb\u2019 &#8211; tha Basha.<\/p>\n<p>&nbsp;<\/p>","protected":false},"excerpt":{"rendered":"<p>&nbsp; Kryetari i opozit\u00ebs, Lulzim Basha, deklaroi nga Tropoja se qeveria ka diskriminuar bashkit\u00eb e veriut p\u00ebr t\u00eb nd\u00ebshkuar politikisht qytetar\u00ebt q\u00eb nuk mb\u00ebshtesin qeverin\u00eb e Edi Ram\u00ebs. Kreu i opozit\u00ebs, i cili ndodhet sot n\u00eb nj\u00eb tur takimesh n\u00eb\u00a0 veri dhe verilindje t\u00eb vendit t\u00eb vendit tha se fondet kan\u00eb shkuar p\u00ebr bashkit\u00eb kliente [&hellip;]<\/p>\n","protected":false},"author":2013,"featured_media":98025,"comment_status":"open","ping_status":"closed","sticky":false,"template":"","format":"standard","meta":{"footnotes":""},"categories":[241,235],"tags":[],"class_list":{"0":"post-98024","1":"post","2":"type-post","3":"status-publish","4":"format-standard","5":"has-post-thumbnail","7":"category-aktualitet","8":"category-vendi"},"_links":{"self":[{"href":"https:\/\/zjarr.tv\/en\/wp-json\/wp\/v2\/posts\/98024","targetHints":{"allow":["GET"]}}],"collection":[{"href":"https:\/\/zjarr.tv\/en\/wp-json\/wp\/v2\/posts"}],"about":[{"href":"https:\/\/zjarr.tv\/en\/wp-json\/wp\/v2\/types\/post"}],"author":[{"embeddable":true,"href":"https:\/\/zjarr.tv\/en\/wp-json\/wp\/v2\/users\/2013"}],"replies":[{"embeddable":true,"href":"https:\/\/zjarr.tv\/en\/wp-json\/wp\/v2\/comments?post=98024"}],"version-history":[{"count":0,"href":"https:\/\/zjarr.tv\/en\/wp-json\/wp\/v2\/posts\/98024\/revisions"}],"wp:featuredmedia":[{"embeddable":true,"href":"https:\/\/zjarr.tv\/en\/wp-json\/wp\/v2\/media\/98025"}],"wp:attachment":[{"href":"https:\/\/zjarr.tv\/en\/wp-json\/wp\/v2\/media?parent=98024"}],"wp:term":[{"taxonomy":"category","embeddable":true,"href":"https:\/\/zjarr.tv\/en\/wp-json\/wp\/v2\/categories?post=98024"},{"taxonomy":"post_tag","embeddable":true,"href":"https:\/\/zjarr.tv\/en\/wp-json\/wp\/v2\/tags?post=98024"}],"curies":[{"name":"wp","href":"https:\/\/api.w.org\/{rel}","templated":true}]}}