{"id":98027,"date":"2019-07-23T14:06:36","date_gmt":"2019-07-23T12:06:36","guid":{"rendered":"https:\/\/zjarr.tv\/?p=98027"},"modified":"2019-07-23T14:06:36","modified_gmt":"2019-07-23T12:06:36","slug":"lefter-maliqi-ben-bilancin-e-zi-te-shqiperise-gjate-qeverisjes-6-vjecare-te-rames","status":"publish","type":"post","link":"https:\/\/zjarr.tv\/en\/lefter-maliqi-ben-bilancin-e-zi-te-shqiperise-gjate-qeverisjes-6-vjecare-te-rames\/","title":{"rendered":"Lefter Maliqi b\u00ebn bilancin e zi t\u00eb Shqip\u00ebris\u00eb, gjat\u00eb qeverisjes 6 vje\u00e7are t\u00eb Ram\u00ebs"},"content":{"rendered":"<p>Deputeti Lefter Maliqi ka vazhduar edhe dit\u00ebn e sotme me \u00e7montimin e fasad\u00ebs qeveris\u00ebse t\u00eb Edi Ram\u00ebs. Maliqi e krahason me piktorin e madh Fran\u00e7esko Goja i cili ishte mjesht\u00ebr i \u2018ngyrave t\u00eb zeza\u2019. +<\/p>\n<p>N\u00ebp\u00ebrmjet nj\u00eb bilanci t\u00eb\u00a0 asaj q\u00eb ka b\u00ebr\u00eb realisht Rilindja n\u00eb k\u00ebto 6 vite qeverisje, Maliqi, tregon se si Rama n\u00ebp\u00ebrmjet makineris\u00eb gjigante t\u00eb propagand\u00ebs, p\u00ebrpiqet t\u00eb mashtroj\u00eb shqiptar\u00ebt, por n\u00eb fakt sipas tij \u2018 t\u00eb bardh\u00ebn e ka b\u00ebr\u00eb t\u00eb zez\u00eb\u2019.<\/p>\n<p>\u2018Rama piktor i ngjyrave te erreta si Francisko Goja. Te bardhen e ka bere te zeze si\u00e7 ka bere per 3 vjet\u00eb reformen ne drejt\u00ebsi dhe per 6 vjet qeverisjen me te zeze per vendin. Ja nxiu faqen Shqiperise ne 2016 -2017, e mbolli vendin me droge, tonelata droge u kapen nga ajri, toka e deti brenda vendit dhe kudo ne bote. Avion te rrezuar me droge, parcela me hektare te mbjel\u00eb me drog\u00eb ne gjithe territorin, fabrika perpunimi droge etj. DASH e quan Shqiperine vendin me te korruptuar ne Ballkan dhe Europe. Mediat e botes shkruajne per trafiqet, korrupsionin, veshjet e tij skandaloze me \u00e7itjane, kostum me atlete etj. Abuzime me tenderat, krimet elektorale sipas edhe gazetes Bild.<\/p>\n<p>Papunesia, pasiguria, emigrimi masiv, denimet politike, arrestimet e te varferve, tritolet kudo, vrasjet me pagese, grupet kriminale te organizuara, grabitjet e miliona eurove tre here ne Rinas duke cenuar sigurine kombtare, gjobat, shantazhimet, tjeter njolle e zeze per vendin tone. Kapja e institucioneve si prokuroria e pergjithshme, kolegji zgjedhor, KQZ-ja, tentativa per te zaptuar dhe presidencen, votimet moniste per te marre ne dore dhe gjithe keshillat bashkiake dhe bashkite, tjeter njolle e erret.<\/p>\n<p>Zaptimi i AMA-s per te monitoruar jo vetem mediat por dhe portalet, ligji i antishpifjes per te mbajtur nen presion mediat, kercenimi ndaj gazetareve etj, tjeter turp e njolle e zeze per Shqiperine. Burgosjet politike, burgjet te mbushura plot me te varfer per 30 gr droge, energji elektrike etj kurse boset e droges, banditet, kriminelet plot prona e biznese, jan\u00eb te lire. Kapja qe po i ben reformes ne drejtesi, shantazhi dhe presioni qe po i ben policise se shtetit duke i futur ne veting ku paga e tyre prej 400-500 mije leke su del as per nevojat e tyre personale, perseri njolle e zeze. Rritja e taksave, shantazhimet ndaj biznesit, rritja e energjise elektrike, e ujit te pishem, e karburantit, perdorimi i gazit lotesjelles ndaj banoreve dhe prishja e banesave arbitrarisht, tjeter njolle e zeze.<\/p>\n<p>Emerimet e ministrave qe skane lidhje as me socialistet por as me moralin politik dhe aftesite e kontributin e tyre politik e profesional, emerimet e drejtoreve nepermjet klaneve mafioze afer ketij piktori deshtak qe shantazhojne administraten dhe abuzojne me detyren, si dhe lidhjet nepotike mes tyre, tjeter njolle e zeze. Vendi pa gjykate te larte, pa gjykate kushtetuese, pa kryetar KLSH-je, pa minister te jashtem, pa Kryeprokuror, pa opoziten ne parlament, tjeter njolle e zeze ne arenen nderkombtare.<\/p>\n<p>Piktori perbuz socialistet, kercenon opoziten dhe dashuron rilindjen, krimin dhe korrupsionin. Pra Rama Kryeminister, Kryepolic, Kryeprokuror, Kryegjyqtar, Kryebashkiak, Kryetatimor, Kryedoganier, Guvernator, Sulltan, Perandor, Skenderbe, Kalores si Don Kishoti, piktor i famshem bardh e zi me tepsi e filxhan ne dore si gjeneral i ushtris\u00eb s\u00eb vdekur ( Kryekarragjoz ) = Tepsi + Filxhan + Romeo + Xhuljeta + \u00c7itjane\u2019, shkruan Maliqi n\u00eb faqen e tij n\u00eb FB.<\/p>\n<p>&nbsp;<\/p>","protected":false},"excerpt":{"rendered":"<p>Deputeti Lefter Maliqi ka vazhduar edhe dit\u00ebn e sotme me \u00e7montimin e fasad\u00ebs qeveris\u00ebse t\u00eb Edi Ram\u00ebs. Maliqi e krahason me piktorin e madh Fran\u00e7esko Goja i cili ishte mjesht\u00ebr i \u2018ngyrave t\u00eb zeza\u2019. + N\u00ebp\u00ebrmjet nj\u00eb bilanci t\u00eb\u00a0 asaj q\u00eb ka b\u00ebr\u00eb realisht Rilindja n\u00eb k\u00ebto 6 vite qeverisje, Maliqi, tregon se si Rama [&hellip;]<\/p>\n","protected":false},"author":2013,"featured_media":91257,"comment_status":"open","ping_status":"closed","sticky":false,"template":"","format":"standard","meta":{"footnotes":""},"categories":[241,235],"tags":[],"class_list":{"0":"post-98027","1":"post","2":"type-post","3":"status-publish","4":"format-standard","5":"has-post-thumbnail","7":"category-aktualitet","8":"category-vendi"},"_links":{"self":[{"href":"https:\/\/zjarr.tv\/en\/wp-json\/wp\/v2\/posts\/98027","targetHints":{"allow":["GET"]}}],"collection":[{"href":"https:\/\/zjarr.tv\/en\/wp-json\/wp\/v2\/posts"}],"about":[{"href":"https:\/\/zjarr.tv\/en\/wp-json\/wp\/v2\/types\/post"}],"author":[{"embeddable":true,"href":"https:\/\/zjarr.tv\/en\/wp-json\/wp\/v2\/users\/2013"}],"replies":[{"embeddable":true,"href":"https:\/\/zjarr.tv\/en\/wp-json\/wp\/v2\/comments?post=98027"}],"version-history":[{"count":0,"href":"https:\/\/zjarr.tv\/en\/wp-json\/wp\/v2\/posts\/98027\/revisions"}],"wp:featuredmedia":[{"embeddable":true,"href":"https:\/\/zjarr.tv\/en\/wp-json\/wp\/v2\/media\/91257"}],"wp:attachment":[{"href":"https:\/\/zjarr.tv\/en\/wp-json\/wp\/v2\/media?parent=98027"}],"wp:term":[{"taxonomy":"category","embeddable":true,"href":"https:\/\/zjarr.tv\/en\/wp-json\/wp\/v2\/categories?post=98027"},{"taxonomy":"post_tag","embeddable":true,"href":"https:\/\/zjarr.tv\/en\/wp-json\/wp\/v2\/tags?post=98027"}],"curies":[{"name":"wp","href":"https:\/\/api.w.org\/{rel}","templated":true}]}}