{"id":98034,"date":"2019-07-23T14:10:29","date_gmt":"2019-07-23T12:10:29","guid":{"rendered":"https:\/\/zjarr.tv\/?p=98034"},"modified":"2019-07-23T14:10:29","modified_gmt":"2019-07-23T12:10:29","slug":"konfirmohet-nga-vettingu-rivali-i-arta-markut","status":"publish","type":"post","link":"https:\/\/zjarr.tv\/en\/konfirmohet-nga-vettingu-rivali-i-arta-markut\/","title":{"rendered":"Konfirmohet nga Vettingu rivali i Arta Markut"},"content":{"rendered":"<p>&nbsp;<\/p>\n<p>Komisioni i Pavarur i Kualifikimit konfirmon n\u00eb detyr\u00eb prokurorin pran\u00eb Prokuroris\u00eb s\u00eb Shkall\u00ebs s\u00eb Par\u00eb p\u00ebr Krime t\u00eb R\u00ebnda, Olsian \u00c7ela.<\/p>\n<p>\u00c7ela \u00ebsht\u00eb nj\u00ebkoh\u00ebsisht edhe kandidat p\u00ebr postin e Prokurorit t\u00eb P\u00ebrgjithsh\u00ebm. Vendimi u dha sot nga kryesuesi i trup\u00ebs, Lulzim Hamitaj, relator Olsi Komncini dhe an\u00ebtare, Brunilda Bekteshi.<\/p>\n<p>Konfirmimi n\u00eb detyr\u00eb i Olsian \u00c7el\u00ebs, i hap rrug\u00ebn gar\u00ebs p\u00ebr postin e prokurorit t\u00eb p\u00ebrgjithsh\u00ebm, edhe pse duhet pritur edhe zbardhja e vendimit t\u00eb KPK, apo n\u00ebse do t\u00eb ket\u00eb ankimin ndaj k\u00ebtij vendimi.<\/p>\n<p>&nbsp;<\/p>","protected":false},"excerpt":{"rendered":"<p>&nbsp; Komisioni i Pavarur i Kualifikimit konfirmon n\u00eb detyr\u00eb prokurorin pran\u00eb Prokuroris\u00eb s\u00eb Shkall\u00ebs s\u00eb Par\u00eb p\u00ebr Krime t\u00eb R\u00ebnda, Olsian \u00c7ela. \u00c7ela \u00ebsht\u00eb nj\u00ebkoh\u00ebsisht edhe kandidat p\u00ebr postin e Prokurorit t\u00eb P\u00ebrgjithsh\u00ebm. Vendimi u dha sot nga kryesuesi i trup\u00ebs, Lulzim Hamitaj, relator Olsi Komncini dhe an\u00ebtare, Brunilda Bekteshi. Konfirmimi n\u00eb detyr\u00eb i Olsian [&hellip;]<\/p>\n","protected":false},"author":2013,"featured_media":98035,"comment_status":"open","ping_status":"closed","sticky":false,"template":"","format":"standard","meta":{"footnotes":""},"categories":[241,235],"tags":[],"class_list":{"0":"post-98034","1":"post","2":"type-post","3":"status-publish","4":"format-standard","5":"has-post-thumbnail","7":"category-aktualitet","8":"category-vendi"},"_links":{"self":[{"href":"https:\/\/zjarr.tv\/en\/wp-json\/wp\/v2\/posts\/98034","targetHints":{"allow":["GET"]}}],"collection":[{"href":"https:\/\/zjarr.tv\/en\/wp-json\/wp\/v2\/posts"}],"about":[{"href":"https:\/\/zjarr.tv\/en\/wp-json\/wp\/v2\/types\/post"}],"author":[{"embeddable":true,"href":"https:\/\/zjarr.tv\/en\/wp-json\/wp\/v2\/users\/2013"}],"replies":[{"embeddable":true,"href":"https:\/\/zjarr.tv\/en\/wp-json\/wp\/v2\/comments?post=98034"}],"version-history":[{"count":0,"href":"https:\/\/zjarr.tv\/en\/wp-json\/wp\/v2\/posts\/98034\/revisions"}],"wp:featuredmedia":[{"embeddable":true,"href":"https:\/\/zjarr.tv\/en\/wp-json\/wp\/v2\/media\/98035"}],"wp:attachment":[{"href":"https:\/\/zjarr.tv\/en\/wp-json\/wp\/v2\/media?parent=98034"}],"wp:term":[{"taxonomy":"category","embeddable":true,"href":"https:\/\/zjarr.tv\/en\/wp-json\/wp\/v2\/categories?post=98034"},{"taxonomy":"post_tag","embeddable":true,"href":"https:\/\/zjarr.tv\/en\/wp-json\/wp\/v2\/tags?post=98034"}],"curies":[{"name":"wp","href":"https:\/\/api.w.org\/{rel}","templated":true}]}}