{"id":98039,"date":"2019-07-23T14:12:45","date_gmt":"2019-07-23T12:12:45","guid":{"rendered":"https:\/\/zjarr.tv\/?p=98039"},"modified":"2019-07-23T14:12:45","modified_gmt":"2019-07-23T12:12:45","slug":"toyota-yaris-prokuroret-belge-zbarkojne-ne-tirane-ja-ke-takuan","status":"publish","type":"post","link":"https:\/\/zjarr.tv\/en\/toyota-yaris-prokuroret-belge-zbarkojne-ne-tirane-ja-ke-takuan\/","title":{"rendered":"\u2018Toyota Yaris\u2019, prokuror\u00ebt belg\u00eb zbarkojn\u00eb n\u00eb Tiran\u00eb, ja k\u00eb takuan"},"content":{"rendered":"<p>&nbsp;<\/p>\n<p>Dosja \u2018Toyota Yaris\u2019 sjell n\u00eb Tiran\u00eb nj\u00eb grup prokuror\u00ebsh belg\u00eb. Burime p\u00ebr \u201cBalkan\u00cbeb\u201d than\u00eb se prokuror\u00ebt belg\u00eb do t\u00eb zhvillojn\u00eb takime me grupin q\u00eb po kryen hetimet p\u00ebr dosjen, si edhe me prokuror\u00eb t\u00eb Krimeve t\u00eb R\u00ebnda, Doloresa Musabelliu dhe Ened Nakuci.<\/p>\n<p>Prokuroria e Belgjik\u00ebs ka k\u00ebrkuar t\u00eb merret n\u00eb pyetje kreu i Partis\u00eb Demokratike, Lulzim Basha n\u00eb lidhje me rastin e bllokimit t\u00eb 3.4 mln eurove t\u00eb fshehura n\u00eb \u201cToyota Yaris\u201d , nd\u00ebrsa nuk dihet n\u00ebse ky grup prokuror\u00ebsh belg\u00eb do t\u00eb asistojn\u00eb gjat\u00eb marrjes n\u00eb pyetje t\u00eb kreut e PD-s\u00eb. Kryedemokrati Basha ishte personi q\u00eb denoncoi n\u00eb Kuvend \u00e7\u00ebshtjen e \u2018Toyota Yaris\u2019.<\/p>\n<p>Dit\u00ebn e sotme n\u00eb Prokurorin\u00eb e Krimeve t\u00eb R\u00ebnda, kan\u00eb dh\u00ebn\u00eb d\u00ebshmin\u00eb e tyre Agim Ceka shoferi i kamionit ku ndodhej \u2018toyta yaris\u2019 dhe Alban Mollaymeri, prit\u00ebsi i makin\u00eb.<\/p>\n<p>Aksioni p\u00ebr bllokimin e sasive t\u00eb eurove u finalizua me 24 qershor t\u00eb vitit t\u00eb kaluar, nd\u00ebrsa eurot me prerje t\u00eb ndryshme ishin fshehur n\u00eb nj\u00eb makin\u00eb tip \u201cToyota Yaris\u201d pa targa. Mjeti ishte nisur nga Belgjika dhe nuk kishte destinacion p\u00ebrfundimtar.<\/p>\n<p>Mjeti tip \u201cToyota Yaris\u201d, ku u gjet\u00ebn parat\u00eb ishte n\u00eb nj\u00eb koncesion bashk\u00eb me mjete t\u00eb tjera t\u00eb cilat ishin porositur p\u00ebr shitje n\u00eb Shqip\u00ebri.<\/p>\n<p>&nbsp;<\/p>","protected":false},"excerpt":{"rendered":"<p>&nbsp; Dosja \u2018Toyota Yaris\u2019 sjell n\u00eb Tiran\u00eb nj\u00eb grup prokuror\u00ebsh belg\u00eb. Burime p\u00ebr \u201cBalkan\u00cbeb\u201d than\u00eb se prokuror\u00ebt belg\u00eb do t\u00eb zhvillojn\u00eb takime me grupin q\u00eb po kryen hetimet p\u00ebr dosjen, si edhe me prokuror\u00eb t\u00eb Krimeve t\u00eb R\u00ebnda, Doloresa Musabelliu dhe Ened Nakuci. Prokuroria e Belgjik\u00ebs ka k\u00ebrkuar t\u00eb merret n\u00eb pyetje kreu i Partis\u00eb [&hellip;]<\/p>\n","protected":false},"author":2013,"featured_media":98040,"comment_status":"open","ping_status":"closed","sticky":false,"template":"","format":"standard","meta":{"footnotes":""},"categories":[241,235],"tags":[],"class_list":{"0":"post-98039","1":"post","2":"type-post","3":"status-publish","4":"format-standard","5":"has-post-thumbnail","7":"category-aktualitet","8":"category-vendi"},"_links":{"self":[{"href":"https:\/\/zjarr.tv\/en\/wp-json\/wp\/v2\/posts\/98039","targetHints":{"allow":["GET"]}}],"collection":[{"href":"https:\/\/zjarr.tv\/en\/wp-json\/wp\/v2\/posts"}],"about":[{"href":"https:\/\/zjarr.tv\/en\/wp-json\/wp\/v2\/types\/post"}],"author":[{"embeddable":true,"href":"https:\/\/zjarr.tv\/en\/wp-json\/wp\/v2\/users\/2013"}],"replies":[{"embeddable":true,"href":"https:\/\/zjarr.tv\/en\/wp-json\/wp\/v2\/comments?post=98039"}],"version-history":[{"count":0,"href":"https:\/\/zjarr.tv\/en\/wp-json\/wp\/v2\/posts\/98039\/revisions"}],"wp:featuredmedia":[{"embeddable":true,"href":"https:\/\/zjarr.tv\/en\/wp-json\/wp\/v2\/media\/98040"}],"wp:attachment":[{"href":"https:\/\/zjarr.tv\/en\/wp-json\/wp\/v2\/media?parent=98039"}],"wp:term":[{"taxonomy":"category","embeddable":true,"href":"https:\/\/zjarr.tv\/en\/wp-json\/wp\/v2\/categories?post=98039"},{"taxonomy":"post_tag","embeddable":true,"href":"https:\/\/zjarr.tv\/en\/wp-json\/wp\/v2\/tags?post=98039"}],"curies":[{"name":"wp","href":"https:\/\/api.w.org\/{rel}","templated":true}]}}