{"id":98049,"date":"2019-07-23T14:18:41","date_gmt":"2019-07-23T12:18:41","guid":{"rendered":"https:\/\/zjarr.tv\/?p=98049"},"modified":"2019-07-23T14:18:41","modified_gmt":"2019-07-23T12:18:41","slug":"doni-te-aplikoni-per-patrulle-te-pergjithshmedokumentet-qe-duhen","status":"publish","type":"post","link":"https:\/\/zjarr.tv\/en\/doni-te-aplikoni-per-patrulle-te-pergjithshmedokumentet-qe-duhen\/","title":{"rendered":"Doni t\u00eb aplikoni p\u00ebr Patrull\u00eb t\u00eb P\u00ebrgjithshme?Dokumentet q\u00eb duhen"},"content":{"rendered":"<p>&nbsp;<\/p>\n<p>Policia e Shtetit njofton se ka hapur konkursin p\u00ebr t\u00eb gjith\u00eb t\u00eb interesuarit q\u00eb duan t\u00eb punojn\u00eb n\u00eb Patrull\u00eb t\u00eb P\u00ebrgjithshme.N\u00eb njoftim thuhet se aplikant\u00ebt duhet t\u00eb plot\u00ebsojn\u00eb disa kritere, e nd\u00ebr ta \u00ebsht\u00eb edhe t\u00eb qenit i pajisur me leje drejtimi.<\/p>\n<p>Policia e Shtetit<\/p>\n<p>Nisur nga fluksi i k\u00ebrkesave adresuar Policis\u00eb s\u00eb Shtetit, nga qindra t\u00eb rinj e t\u00eb reja, t\u00eb cil\u00ebt kan\u00eb shprehur d\u00ebshir\u00ebn p\u00ebr t\u00eb aplikuar p\u00ebr Patrull\u00eb t\u00eb P\u00ebrgjithsme, por jan\u00eb ende duke ndjekur kursin p\u00ebr t\u2019u pajisur me Leje Drejtimi, sqarojm\u00eb gjith\u00eb t\u00eb interesuarit se:<\/p>\n<p>T\u00eb gjith\u00eb ata aplikant\u00eb q\u00eb deri n\u00eb dat\u00ebn 3 gusht 2019, data kur mbyllet aplikimi, kan\u00eb p\u00ebrfunduar faz\u00ebn e par\u00eb t\u00eb kursit p\u00ebr Leje Drejtimi dhe disponojn\u00eb v\u00ebrtetim zyrtar nga Autoshkolla q\u00eb e kan\u00eb p\u00ebrfunduar provimin e teoris\u00eb dhe jan\u00eb duke ndjekur praktik\u00ebn, do t\u00eb pranohen p\u00ebr t\u00eb aplikuar.<\/p>\n<p>Por aplikant\u00ebt q\u00eb do t\u00eb shpallen fitues n\u00eb faz\u00ebn e par\u00eb t\u00eb konkurimit p\u00ebr Patrull\u00eb t\u00eb P\u00ebrgjithshme n\u00eb Kolegjin e Policis\u00eb dhe deri at\u00ebher\u00eb nuk kan\u00eb dor\u00ebzuar Lejen e Drejtimit,\u00a0 do t\u00eb skualifikohen dhe nuk mund t\u00eb vijojn\u00eb fazat e tjera t\u00eb konkurimit.<\/p>\n<p>Policia e Shtetit nxit \u00e7do te interesuar dhe rikujton se afati p\u00ebr t\u00eb aplikuar p\u00ebr Patrull\u00eb t\u00eb P\u00ebrgjithshme \u00ebsht\u00eb data 3 gusht, nd\u00ebrsa p\u00ebr Specialist p\u00ebr Hetimin e Krimit \u00ebsht\u00eb data 31 korrik.<\/p>\n<p>&nbsp;<\/p>","protected":false},"excerpt":{"rendered":"<p>&nbsp; Policia e Shtetit njofton se ka hapur konkursin p\u00ebr t\u00eb gjith\u00eb t\u00eb interesuarit q\u00eb duan t\u00eb punojn\u00eb n\u00eb Patrull\u00eb t\u00eb P\u00ebrgjithshme.N\u00eb njoftim thuhet se aplikant\u00ebt duhet t\u00eb plot\u00ebsojn\u00eb disa kritere, e nd\u00ebr ta \u00ebsht\u00eb edhe t\u00eb qenit i pajisur me leje drejtimi. Policia e Shtetit Nisur nga fluksi i k\u00ebrkesave adresuar Policis\u00eb s\u00eb Shtetit, [&hellip;]<\/p>\n","protected":false},"author":2013,"featured_media":63209,"comment_status":"open","ping_status":"closed","sticky":false,"template":"","format":"standard","meta":{"footnotes":""},"categories":[241,235],"tags":[],"class_list":{"0":"post-98049","1":"post","2":"type-post","3":"status-publish","4":"format-standard","5":"has-post-thumbnail","7":"category-aktualitet","8":"category-vendi"},"_links":{"self":[{"href":"https:\/\/zjarr.tv\/en\/wp-json\/wp\/v2\/posts\/98049","targetHints":{"allow":["GET"]}}],"collection":[{"href":"https:\/\/zjarr.tv\/en\/wp-json\/wp\/v2\/posts"}],"about":[{"href":"https:\/\/zjarr.tv\/en\/wp-json\/wp\/v2\/types\/post"}],"author":[{"embeddable":true,"href":"https:\/\/zjarr.tv\/en\/wp-json\/wp\/v2\/users\/2013"}],"replies":[{"embeddable":true,"href":"https:\/\/zjarr.tv\/en\/wp-json\/wp\/v2\/comments?post=98049"}],"version-history":[{"count":0,"href":"https:\/\/zjarr.tv\/en\/wp-json\/wp\/v2\/posts\/98049\/revisions"}],"wp:featuredmedia":[{"embeddable":true,"href":"https:\/\/zjarr.tv\/en\/wp-json\/wp\/v2\/media\/63209"}],"wp:attachment":[{"href":"https:\/\/zjarr.tv\/en\/wp-json\/wp\/v2\/media?parent=98049"}],"wp:term":[{"taxonomy":"category","embeddable":true,"href":"https:\/\/zjarr.tv\/en\/wp-json\/wp\/v2\/categories?post=98049"},{"taxonomy":"post_tag","embeddable":true,"href":"https:\/\/zjarr.tv\/en\/wp-json\/wp\/v2\/tags?post=98049"}],"curies":[{"name":"wp","href":"https:\/\/api.w.org\/{rel}","templated":true}]}}