{"id":98051,"date":"2019-07-23T14:20:02","date_gmt":"2019-07-23T12:20:02","guid":{"rendered":"https:\/\/zjarr.tv\/?p=98051"},"modified":"2019-07-23T14:20:02","modified_gmt":"2019-07-23T12:20:02","slug":"zv-ministrja-vodamund-te-ri-aplikoni-ne-cdo-zyre-per-karta-identiteti","status":"publish","type":"post","link":"https:\/\/zjarr.tv\/en\/zv-ministrja-vodamund-te-ri-aplikoni-ne-cdo-zyre-per-karta-identiteti\/","title":{"rendered":"Zv.ministrja Voda:Mund t\u00eb ri-aplikoni n\u00eb \u00e7do zyr\u00eb p\u00ebr karta identiteti"},"content":{"rendered":"<p>&nbsp;<\/p>\n<p>Shtetasit shqiptar\u00eb, t\u00eb cil\u00ebve u skadon karta e identitetit k\u00ebt\u00eb vit, mund t\u00eb aplikojn\u00eb n\u00eb \u00e7do nj\u00ebsi administrative, pavar\u00ebsisht se ku banojn\u00eb, tha zv.ministrja e Brendshme Rovena Voda gjat\u00eb nj\u00eb inspektimi t\u00eb zhvilluar n\u00eb zyrat e aplikimit t\u00eb Nj\u00ebsis\u00eb 5 n\u00eb Tiran\u00eb.<\/p>\n<p>Ajo p\u00ebrs\u00ebriti apelin p\u00ebr rinovimin e dokumenteve biometrike p\u00ebr t\u00eb gjith\u00eb shtetasit q\u00eb jan\u00eb pajisur n\u00eb vitin 2009, pasi afati i vlefshm\u00ebris\u00eb \u00ebsht\u00eb 10 vjet. Voda shoq\u00ebrohej nga Drejtori i P\u00ebrgjithsh\u00ebm i Gjendjes Civile Bledar Doracaj, dhe pas inspektimit foli p\u00ebr masat e marra p\u00ebr t\u00eb leht\u00ebsimin e aplikimit p\u00ebr shtetasit shqiptar\u00eb.<\/p>\n<p>\u201cJemi n\u00eb zyrat e aplikimit t\u00eb Nj\u00ebsis\u00eb 5 n\u00eb Tiran\u00eb. Si\u00e7 e shikojm\u00eb puna vijon normalisht. Vet\u00ebm 3 minuta duhen, shum\u00eb pak koh\u00eb, p\u00ebr t\u00eb aplikuar. Ajo \u00e7far\u00eb ne do t\u2019u b\u00ebnim thirrje t\u00eb gjith\u00eb qytetar\u00ebve t\u00eb Republik\u00ebs s\u00eb Shqip\u00ebris\u00eb, un\u00eb si zv.ministre e Brendshme, \u00ebsht\u00eb pik\u00ebrisht q\u00eb t\u00eb vijn\u00eb dhe t\u00eb aplikojn\u00eb sa m\u00eb par\u00eb.<\/p>\n<p>Mij\u00ebra qytetar\u00eb, t\u00eb cil\u00ebt vijn\u00eb nga jasht\u00eb tashm\u00eb, sigurisht q\u00eb shtojn\u00eb fluksin, shtojn\u00eb radh\u00ebt p\u00ebr shkak se aplikojn\u00eb jo vet\u00ebm p\u00ebr karta identiteti, por edhe p\u00ebr pasaporta biometrike, t\u00eb cilat sigurisht jan\u00eb nj\u00eb num\u00ebr i lart\u00eb i tyre q\u00eb skadon shum\u00eb shpejt\u201d, tha Voda.<\/p>\n<p>M\u00eb tej, ajo n\u00ebnvizoi se zyrat e aplikimit do t\u00eb jen\u00eb t\u00eb hapura edhe dit\u00ebn e shtun\u00eb.<\/p>\n<p>\u201cD\u00ebshiroj t\u00eb them q\u00eb p\u00ebr t\u2019iu ardhur n\u00eb ndihm\u00eb qytetar\u00ebve tashm\u00eb zyrat e aplikimit do t\u00eb jen\u00eb t\u00eb hapura edhe dit\u00ebn e shtun\u00eb. Pra qytetar\u00ebt, t\u00eb cil\u00ebt jan\u00eb t\u00eb ngarkuar me pun\u00eb, punojn\u00eb gjat\u00eb gjith\u00eb jav\u00ebs, apo p\u00ebr shkak t\u00eb pushimeve l\u00ebvizin, mundet q\u00eb dit\u00ebn e shtun\u00eb t\u00eb vijn\u00eb edhe t\u00eb aplikojn\u00eb\u201d.<\/p>\n<p>Voda vuri n\u00eb dukje edhe nj\u00eb tjet\u00ebr mas\u00eb p\u00ebr leht\u00ebsimin e aplikimit, q\u00eb ka t\u00eb b\u00ebj\u00eb me mund\u00ebsin\u00eb e zgjeruar p\u00ebr aplikimin n\u00eb \u00e7do nj\u00ebsi administrative:<\/p>\n<p>\u201cNj\u00eb risi tjet\u00ebr, t\u00eb cil\u00ebn un\u00eb do t\u00eb doja q\u00eb qytetar\u00ebt t\u00eb kishin dijeni, \u00ebsht\u00eb dhe fakti q\u00eb p\u00ebr t\u00eb ri-aplikuar p\u00ebr karta identiteti, jo domosdoshm\u00ebrisht duhet t\u00eb aplikojn\u00eb n\u00eb nj\u00ebsin\u00eb administrative ku ata banojn\u00eb. Pra n\u00ebse flasim p\u00ebr ri-aplikim t\u00eb kartave t\u00eb identitetit, mundet q\u00eb ata t\u00eb aplikojn\u00eb edhe n\u00eb nj\u00eb nj\u00ebsi tjet\u00ebr\u201d.<\/p>\n<p>N\u00eb lidhje me masat e tjera t\u00eb marra nga Ministria e Brendshme, Voda tha se \u201ct\u00eb gjitha k\u00ebto masa b\u00ebhen p\u00ebr t\u2019u ardhur n\u00eb ndihm\u00eb qytetar\u00ebve, p\u00ebr t\u00eb qen\u00eb m\u00eb pran\u00eb tyre dhe n\u00eb m\u00ebnyr\u00eb q\u00eb ata t\u00eb pajisen sa m\u00eb leht\u00eb me karta identiteti, t\u00eb cilat jan\u00eb nj\u00eb mjet i domosdosh\u00ebm identifikimi p\u00ebr t\u00eb marr\u00eb sh\u00ebrbime n\u00eb t\u00eb gjitha institucionet publike dhe jopublike. Madje Ministria e Brendshme n\u00eb m\u00ebnyr\u00eb q\u00eb t\u00eb mos arrijm\u00eb q\u00eb t\u00eb kemi nj\u00eb fluks apo dyndje t\u00eb qytetar\u00ebve, do t\u00eb marr\u00eb edhe masa t\u00eb tjera. Nj\u00eb nd\u00ebr to \u00ebsht\u00eb edhe kufizimi i l\u00ebvizjes s\u00eb shtetasve shqiptar\u00eb jasht\u00eb territorit t\u00eb Republik\u00ebs s\u00eb Shqip\u00ebris\u00eb nga muaji tetor e n\u00eb vijim, t\u00eb cil\u00ebt, n\u00ebse nuk jan\u00eb t\u00eb pajisur me nj\u00eb kupon p\u00ebr kart\u00eb identiteti, do t\u2019u kufizohet l\u00ebvizja p\u00ebr jasht\u00eb. E gjith\u00eb kjo b\u00ebhet p\u00ebr t\u2019u ardhur n\u00eb ndihm\u00eb t\u00eb gjith\u00eb qytetar\u00ebve, t\u00eb mos krijohen radh\u00eb t\u00eb gjata, duke qen\u00eb se tashm\u00eb ne kushtet i kemi krijuar,\u201d u shpreh zv.ministrja e Brendshme Voda.<\/p>\n<p>&nbsp;<\/p>","protected":false},"excerpt":{"rendered":"<p>&nbsp; Shtetasit shqiptar\u00eb, t\u00eb cil\u00ebve u skadon karta e identitetit k\u00ebt\u00eb vit, mund t\u00eb aplikojn\u00eb n\u00eb \u00e7do nj\u00ebsi administrative, pavar\u00ebsisht se ku banojn\u00eb, tha zv.ministrja e Brendshme Rovena Voda gjat\u00eb nj\u00eb inspektimi t\u00eb zhvilluar n\u00eb zyrat e aplikimit t\u00eb Nj\u00ebsis\u00eb 5 n\u00eb Tiran\u00eb. Ajo p\u00ebrs\u00ebriti apelin p\u00ebr rinovimin e dokumenteve biometrike p\u00ebr t\u00eb gjith\u00eb shtetasit [&hellip;]<\/p>\n","protected":false},"author":2013,"featured_media":98052,"comment_status":"open","ping_status":"closed","sticky":false,"template":"","format":"standard","meta":{"footnotes":""},"categories":[241,235],"tags":[],"class_list":{"0":"post-98051","1":"post","2":"type-post","3":"status-publish","4":"format-standard","5":"has-post-thumbnail","7":"category-aktualitet","8":"category-vendi"},"_links":{"self":[{"href":"https:\/\/zjarr.tv\/en\/wp-json\/wp\/v2\/posts\/98051","targetHints":{"allow":["GET"]}}],"collection":[{"href":"https:\/\/zjarr.tv\/en\/wp-json\/wp\/v2\/posts"}],"about":[{"href":"https:\/\/zjarr.tv\/en\/wp-json\/wp\/v2\/types\/post"}],"author":[{"embeddable":true,"href":"https:\/\/zjarr.tv\/en\/wp-json\/wp\/v2\/users\/2013"}],"replies":[{"embeddable":true,"href":"https:\/\/zjarr.tv\/en\/wp-json\/wp\/v2\/comments?post=98051"}],"version-history":[{"count":0,"href":"https:\/\/zjarr.tv\/en\/wp-json\/wp\/v2\/posts\/98051\/revisions"}],"wp:featuredmedia":[{"embeddable":true,"href":"https:\/\/zjarr.tv\/en\/wp-json\/wp\/v2\/media\/98052"}],"wp:attachment":[{"href":"https:\/\/zjarr.tv\/en\/wp-json\/wp\/v2\/media?parent=98051"}],"wp:term":[{"taxonomy":"category","embeddable":true,"href":"https:\/\/zjarr.tv\/en\/wp-json\/wp\/v2\/categories?post=98051"},{"taxonomy":"post_tag","embeddable":true,"href":"https:\/\/zjarr.tv\/en\/wp-json\/wp\/v2\/tags?post=98051"}],"curies":[{"name":"wp","href":"https:\/\/api.w.org\/{rel}","templated":true}]}}