{"id":98057,"date":"2019-07-23T14:22:16","date_gmt":"2019-07-23T12:22:16","guid":{"rendered":"https:\/\/zjarr.tv\/?p=98057"},"modified":"2019-07-23T14:22:16","modified_gmt":"2019-07-23T12:22:16","slug":"ked-mblidhet-neser-verifikon-kandidatet-per-gjykaten-kushtetuese-dhe-ild","status":"publish","type":"post","link":"https:\/\/zjarr.tv\/en\/ked-mblidhet-neser-verifikon-kandidatet-per-gjykaten-kushtetuese-dhe-ild\/","title":{"rendered":"KED mblidhet nes\u00ebr, verifikon kandidat\u00ebt p\u00ebr Gjykat\u00ebn Kushtetuese dhe ILD"},"content":{"rendered":"<p>&nbsp;<\/p>\n<p>K\u00ebshilli i Em\u00ebrimeve n\u00eb Drejt\u00ebsi do t\u00eb mblidhet nes\u00ebr p\u00ebr verifikimin e kandidat\u00ebve p\u00ebr vendet vakante p\u00ebr Gjykat\u00ebn Kushtetuese dhe Inspektorin e Lart\u00eb t\u00eb Drejt\u00ebsis\u00eb.<\/p>\n<p>Mbledhja do t\u00eb nis\u00eb n\u00eb or\u00ebn 16:00.<\/p>\n<p>N\u00eb procedur\u00ebn e verifikimit t\u00eb kandidat\u00ebve p\u00ebr vendet vakante p\u00ebr Gjykat\u00ebn Kushtetuese dhe Inspektorin e Lart\u00eb t\u00eb Drejt\u00ebsis\u00eb do t\u00eb jen\u00eb<\/p>\n<p>1.Altin Hazizaj<\/p>\n<p>2.Anila Guri (Kristani)<\/p>\n<p>3.Arta Vorpsi<\/p>\n<p>4.Artur Malaj<\/p>\n<p>5.Besnik Mu\u00e7i<\/p>\n<p>6.Ded\u00eb Kasneci<\/p>\n<p>7.Elsa Toska<\/p>\n<p>8.Eris Hysi<\/p>\n<p>9.Fiona Papajorgji<\/p>\n<p>10.G\u00ebzim Allaraj<\/p>\n<p>11.Ilir Mustafaj<\/p>\n<p>12.Mimoza Qinami<\/p>\n<p>13.Regleta Panajoti<\/p>\n<p>14.Vladimir G\u00ebrmenji<\/p>\n<p>&nbsp;<\/p>","protected":false},"excerpt":{"rendered":"<p>&nbsp; K\u00ebshilli i Em\u00ebrimeve n\u00eb Drejt\u00ebsi do t\u00eb mblidhet nes\u00ebr p\u00ebr verifikimin e kandidat\u00ebve p\u00ebr vendet vakante p\u00ebr Gjykat\u00ebn Kushtetuese dhe Inspektorin e Lart\u00eb t\u00eb Drejt\u00ebsis\u00eb. Mbledhja do t\u00eb nis\u00eb n\u00eb or\u00ebn 16:00. N\u00eb procedur\u00ebn e verifikimit t\u00eb kandidat\u00ebve p\u00ebr vendet vakante p\u00ebr Gjykat\u00ebn Kushtetuese dhe Inspektorin e Lart\u00eb t\u00eb Drejt\u00ebsis\u00eb do t\u00eb jen\u00eb 1.Altin [&hellip;]<\/p>\n","protected":false},"author":2013,"featured_media":98058,"comment_status":"open","ping_status":"closed","sticky":false,"template":"","format":"standard","meta":{"footnotes":""},"categories":[241,235],"tags":[],"class_list":{"0":"post-98057","1":"post","2":"type-post","3":"status-publish","4":"format-standard","5":"has-post-thumbnail","7":"category-aktualitet","8":"category-vendi"},"_links":{"self":[{"href":"https:\/\/zjarr.tv\/en\/wp-json\/wp\/v2\/posts\/98057","targetHints":{"allow":["GET"]}}],"collection":[{"href":"https:\/\/zjarr.tv\/en\/wp-json\/wp\/v2\/posts"}],"about":[{"href":"https:\/\/zjarr.tv\/en\/wp-json\/wp\/v2\/types\/post"}],"author":[{"embeddable":true,"href":"https:\/\/zjarr.tv\/en\/wp-json\/wp\/v2\/users\/2013"}],"replies":[{"embeddable":true,"href":"https:\/\/zjarr.tv\/en\/wp-json\/wp\/v2\/comments?post=98057"}],"version-history":[{"count":0,"href":"https:\/\/zjarr.tv\/en\/wp-json\/wp\/v2\/posts\/98057\/revisions"}],"wp:featuredmedia":[{"embeddable":true,"href":"https:\/\/zjarr.tv\/en\/wp-json\/wp\/v2\/media\/98058"}],"wp:attachment":[{"href":"https:\/\/zjarr.tv\/en\/wp-json\/wp\/v2\/media?parent=98057"}],"wp:term":[{"taxonomy":"category","embeddable":true,"href":"https:\/\/zjarr.tv\/en\/wp-json\/wp\/v2\/categories?post=98057"},{"taxonomy":"post_tag","embeddable":true,"href":"https:\/\/zjarr.tv\/en\/wp-json\/wp\/v2\/tags?post=98057"}],"curies":[{"name":"wp","href":"https:\/\/api.w.org\/{rel}","templated":true}]}}