{"id":98060,"date":"2019-07-23T14:23:20","date_gmt":"2019-07-23T12:23:20","guid":{"rendered":"https:\/\/zjarr.tv\/?p=98060"},"modified":"2019-07-23T14:23:20","modified_gmt":"2019-07-23T12:23:20","slug":"arrestohet-tregtari-i-droges-ne-tirane-i-gjendet-1-1-kg-kanabis","status":"publish","type":"post","link":"https:\/\/zjarr.tv\/en\/arrestohet-tregtari-i-droges-ne-tirane-i-gjendet-1-1-kg-kanabis\/","title":{"rendered":"Arrestohet tregtari i drog\u00ebs n\u00eb Tiran\u00eb, i gjendet 1.1 kg kanabis"},"content":{"rendered":"<p>&nbsp;<\/p>\n<p>Nj\u00eb tregtar droge \u00ebsht\u00eb arrestuar n\u00eb Tiran\u00eb. Pas nj\u00eb hetimi disamujor u realizua operacioni &#8220;DISTRIBUTORI&#8221; ku u vendos n\u00eb pranga 29-vje\u00e7ari me iniciale E.M., banues n\u00eb Tiran\u00eb.<\/p>\n<p>Ai u arrestua mbr\u00ebmjen e djeshme n\u00eb rrug\u00ebn \u201cMyslym Shyri\u201d, nd\u00ebrsa po tregtonte l\u00ebnd\u00eb narkotike kanabis sativa.<\/p>\n<p>Gjat\u00eb kontrollit n\u00eb ambientet e p\u00ebrdorura nga 29-vje\u00e7ari, policia raporton se gjeti tri qese me kanabis, t\u00eb ndara n\u00eb doza dhe t\u00eb futura n\u00eb qese farmaceutike, t\u00eb gatshme p\u00ebr treg.<\/p>\n<p><em>&#8220;Pas dokumentimit t\u00eb aktivitetit kriminal, Gjykata e Rrethit Gjyq\u00ebsor Tiran\u00eb ka vendosur mas\u00ebn e siguris\u00eb \u201cArrest n\u00eb burg\u201d p\u00ebr shtetasin E.M. Menj\u00ebher\u00eb nga Seksioni p\u00ebr Hetimin e Narkotikeve \u00ebsht\u00eb organizuar puna p\u00ebr ekzekutimin e vendimit t\u00eb gjykat\u00ebs dhe kapjen e tij n\u00eb flagranc\u00eb, e cila u realizua gjat\u00eb mbr\u00ebmjes s\u00eb djeshme n\u00eb rrug\u00ebn \u201cMyslym Shyri\u201d, ku ky shtetas ishte duke tregtuar l\u00ebnd\u00eb narkotike cannabis sativa,&#8221;-<\/em>informuan uniformat blu.<\/p>\n<p>Seksioni P\u00ebr Hetimin e Narkotik\u00ebve ka b\u00ebr\u00eb t\u00eb mundur dokumentimin me prova ligjore (foto, video dhe raporte vezhgimi) t\u00eb aktivitetit kriminal t\u00eb shitjes s\u00eb l\u00ebnd\u00ebs narkotike nga 29-vjhe\u00e7ari, duke realizuar edhe kapjen e disa personave q\u00eb blinin drog\u00eb tek ai.<\/p>\n<p>Gjithashtu u procedua n\u00eb gjendje t\u00eb lir\u00eb edhe nj\u00eb 23-vje\u00e7ar me iniciale L.I., banues n\u00eb Tiran\u00eb, p\u00ebr vepr\u00ebn penale \u201cProdhimi dhe shitja e narkotik\u00ebve\u201d.<\/p>\n<p>Materialet procedurale do t\u2019i kalojn\u00eb Prokuroris\u00eb pran\u00eb Gjykat\u00ebs s\u00eb Shkall\u00ebs s\u00eb Par\u00eb Tiran\u00eb, p\u00ebr veprime t\u00eb m\u00ebtejshme hetimore p\u00ebr vepr\u00ebn penale \u201cProdhimi dhe shitja e l\u00ebnd\u00ebve narkotike&#8221;.<\/p>\n<p>&nbsp;<\/p>","protected":false},"excerpt":{"rendered":"<p>&nbsp; Nj\u00eb tregtar droge \u00ebsht\u00eb arrestuar n\u00eb Tiran\u00eb. Pas nj\u00eb hetimi disamujor u realizua operacioni &#8220;DISTRIBUTORI&#8221; ku u vendos n\u00eb pranga 29-vje\u00e7ari me iniciale E.M., banues n\u00eb Tiran\u00eb. Ai u arrestua mbr\u00ebmjen e djeshme n\u00eb rrug\u00ebn \u201cMyslym Shyri\u201d, nd\u00ebrsa po tregtonte l\u00ebnd\u00eb narkotike kanabis sativa. Gjat\u00eb kontrollit n\u00eb ambientet e p\u00ebrdorura nga 29-vje\u00e7ari, policia raporton [&hellip;]<\/p>\n","protected":false},"author":2013,"featured_media":98061,"comment_status":"open","ping_status":"closed","sticky":false,"template":"","format":"standard","meta":{"footnotes":""},"categories":[241,235],"tags":[],"class_list":{"0":"post-98060","1":"post","2":"type-post","3":"status-publish","4":"format-standard","5":"has-post-thumbnail","7":"category-aktualitet","8":"category-vendi"},"_links":{"self":[{"href":"https:\/\/zjarr.tv\/en\/wp-json\/wp\/v2\/posts\/98060","targetHints":{"allow":["GET"]}}],"collection":[{"href":"https:\/\/zjarr.tv\/en\/wp-json\/wp\/v2\/posts"}],"about":[{"href":"https:\/\/zjarr.tv\/en\/wp-json\/wp\/v2\/types\/post"}],"author":[{"embeddable":true,"href":"https:\/\/zjarr.tv\/en\/wp-json\/wp\/v2\/users\/2013"}],"replies":[{"embeddable":true,"href":"https:\/\/zjarr.tv\/en\/wp-json\/wp\/v2\/comments?post=98060"}],"version-history":[{"count":0,"href":"https:\/\/zjarr.tv\/en\/wp-json\/wp\/v2\/posts\/98060\/revisions"}],"wp:featuredmedia":[{"embeddable":true,"href":"https:\/\/zjarr.tv\/en\/wp-json\/wp\/v2\/media\/98061"}],"wp:attachment":[{"href":"https:\/\/zjarr.tv\/en\/wp-json\/wp\/v2\/media?parent=98060"}],"wp:term":[{"taxonomy":"category","embeddable":true,"href":"https:\/\/zjarr.tv\/en\/wp-json\/wp\/v2\/categories?post=98060"},{"taxonomy":"post_tag","embeddable":true,"href":"https:\/\/zjarr.tv\/en\/wp-json\/wp\/v2\/tags?post=98060"}],"curies":[{"name":"wp","href":"https:\/\/api.w.org\/{rel}","templated":true}]}}