{"id":98066,"date":"2019-07-23T14:43:14","date_gmt":"2019-07-23T12:43:14","guid":{"rendered":"https:\/\/zjarr.tv\/?p=98066"},"modified":"2019-07-23T14:43:14","modified_gmt":"2019-07-23T12:43:14","slug":"video-ik-shporru-sharlatan-qendrestaret-te-teatri-kombetar-i-tregojne-vendin-deputetit-kujtim-gjuzi","status":"publish","type":"post","link":"https:\/\/zjarr.tv\/en\/video-ik-shporru-sharlatan-qendrestaret-te-teatri-kombetar-i-tregojne-vendin-deputetit-kujtim-gjuzi\/","title":{"rendered":"Video\/ &#8220;Ik shporru sharlatan&#8221;, q\u00ebndrestar\u00ebt te Teatri Komb\u00ebtar i tregojn\u00eb vendin deputetit Kujtim Gjuzi"},"content":{"rendered":"<p>&nbsp;<\/p>\n<p>&#8220;Ik shporru sharlatan&#8221;, q\u00ebndrestar\u00ebt te Teatri Komb\u00ebtar i tregojn\u00eb vendin deputetit Kujtim Gjuzi. Iu shkoi n\u00eb tre t\u00eb m\u00ebngjesit me &#8221;Benz&#8221; dhe i kollarisur<\/p>\n<p>&nbsp;<\/p>\n<div id=\"fb-root\"><\/div>\n<p><script async=\"1\" defer=\"1\" crossorigin=\"anonymous\" src=\"https:\/\/connect.facebook.net\/de_DE\/sdk.js#xfbml=1&amp;version=v8.0\" nonce=\"cO6KlUYQ\"><\/script><\/p>\n<div class=\"fb-video\" data-href=\"https:\/\/www.facebook.com\/faxweb.al\/videos\/630177714139585\/?v=630177714139585\" data-width=\"696\">\n<blockquote cite=\"https:\/\/www.facebook.com\/faxweb.al\/videos\/630177714139585\/\" class=\"fb-xfbml-parse-ignore\"><p><a href=\"https:\/\/www.facebook.com\/faxweb.al\/videos\/630177714139585\/\">&quot;Ik shporru sharlatan&quot;, q\u00ebndrestar\u00ebt te Teatri Komb\u00ebtar i tregojn\u00eb vendin deputetit Kujtim Gjuzi<\/a><\/p>\n<p>&quot;Ik shporru sharlatan&quot;, q\u00ebndrestar\u00ebt te Teatri Komb\u00ebtar i tregojn\u00eb vendin deputetit Kujtim Gjuzi. Iu shkoi n\u00eb tre t\u00eb m\u00ebngjesit me &#039;&#039;Benz&quot; dhe i kollarisur #shikodheshperndaje<\/p>\n<p>Gepostet von <a href=\"https:\/\/www.facebook.com\/faxweb.al\/\">Fax Web<\/a> am Dienstag, 23. Juli 2019<\/p><\/blockquote>\n<\/div>","protected":false},"excerpt":{"rendered":"<p>&nbsp; &#8220;Ik shporru sharlatan&#8221;, q\u00ebndrestar\u00ebt te Teatri Komb\u00ebtar i tregojn\u00eb vendin deputetit Kujtim Gjuzi. Iu shkoi n\u00eb tre t\u00eb m\u00ebngjesit me &#8221;Benz&#8221; dhe i kollarisur &nbsp; &quot;Ik shporru sharlatan&quot;, q\u00ebndrestar\u00ebt te Teatri Komb\u00ebtar i tregojn\u00eb vendin deputetit Kujtim Gjuzi &quot;Ik shporru sharlatan&quot;, q\u00ebndrestar\u00ebt te Teatri Komb\u00ebtar i tregojn\u00eb vendin deputetit Kujtim Gjuzi. Iu shkoi n\u00eb [&hellip;]<\/p>\n","protected":false},"author":2013,"featured_media":95016,"comment_status":"open","ping_status":"closed","sticky":false,"template":"","format":"standard","meta":{"footnotes":""},"categories":[241,235],"tags":[],"class_list":{"0":"post-98066","1":"post","2":"type-post","3":"status-publish","4":"format-standard","5":"has-post-thumbnail","7":"category-aktualitet","8":"category-vendi"},"_links":{"self":[{"href":"https:\/\/zjarr.tv\/en\/wp-json\/wp\/v2\/posts\/98066","targetHints":{"allow":["GET"]}}],"collection":[{"href":"https:\/\/zjarr.tv\/en\/wp-json\/wp\/v2\/posts"}],"about":[{"href":"https:\/\/zjarr.tv\/en\/wp-json\/wp\/v2\/types\/post"}],"author":[{"embeddable":true,"href":"https:\/\/zjarr.tv\/en\/wp-json\/wp\/v2\/users\/2013"}],"replies":[{"embeddable":true,"href":"https:\/\/zjarr.tv\/en\/wp-json\/wp\/v2\/comments?post=98066"}],"version-history":[{"count":0,"href":"https:\/\/zjarr.tv\/en\/wp-json\/wp\/v2\/posts\/98066\/revisions"}],"wp:featuredmedia":[{"embeddable":true,"href":"https:\/\/zjarr.tv\/en\/wp-json\/wp\/v2\/media\/95016"}],"wp:attachment":[{"href":"https:\/\/zjarr.tv\/en\/wp-json\/wp\/v2\/media?parent=98066"}],"wp:term":[{"taxonomy":"category","embeddable":true,"href":"https:\/\/zjarr.tv\/en\/wp-json\/wp\/v2\/categories?post=98066"},{"taxonomy":"post_tag","embeddable":true,"href":"https:\/\/zjarr.tv\/en\/wp-json\/wp\/v2\/tags?post=98066"}],"curies":[{"name":"wp","href":"https:\/\/api.w.org\/{rel}","templated":true}]}}