{"id":98069,"date":"2019-07-23T14:56:18","date_gmt":"2019-07-23T12:56:18","guid":{"rendered":"https:\/\/zjarr.tv\/?p=98069"},"modified":"2019-07-23T14:56:18","modified_gmt":"2019-07-23T12:56:18","slug":"me-ke-e-ka-bashkeshortja-e-haradinajt-zemerligjte-nese-do-te-shkonin-ne-gjyq-do-te-beheshin-grimca","status":"publish","type":"post","link":"https:\/\/zjarr.tv\/en\/me-ke-e-ka-bashkeshortja-e-haradinajt-zemerligjte-nese-do-te-shkonin-ne-gjyq-do-te-beheshin-grimca\/","title":{"rendered":"Me k\u00eb e ka bashk\u00ebshortja e Haradinajt: Zem\u00ebrligjt\u00eb\u2026 N\u00ebse do t\u00eb shkonin n\u00eb gjyq, do t\u00eb b\u00ebheshin grimca!"},"content":{"rendered":"<p>&nbsp;<\/p>\n<p>Bashk\u00ebshortja e kryeministrit t\u00eb Kosov\u00ebs, Anita Mu\u00e7aj me rastin e nisjes s\u00eb Hardinajt drejt Hag\u00ebs ka b\u00ebr\u00eb nj\u00eb postim n\u00eb faqen e saj n\u00eb Facebook.<\/p>\n<p>Ajo shkruan se bashk\u00ebshorti I I saj p\u00ebrball\u00eb tij ka persona q\u00eb ndihen t\u00eb vegj\u00ebl dhe n\u00ebse ata do t\u00eb shkonin ndonj\u00ebher\u00eb n\u00eb ndonj\u00eb process gjyq\u00ebsor do t\u00eb shnd\u00ebroheshin n\u00eb grimca. Edhe pse nuk ka p\u00ebrmenur emra gazetraja e njohur n\u00eb Prishtin\u00eb thot\u00eb se \u201cnuk ka gj\u00eb m\u00eb t\u00eb keqe se zem\u00ebrlig\u00ebsia\u201d. M\u00eb her\u00ebt n\u00eb nj\u00eb statusi t\u00eb vetin n\u00eb FB edhe k\u00ebshilltarja e Haradinajt Meliza Haradinaj Stublla shkroi me k\u00ebt\u00eb rast p\u00ebr \u201cthika pas shpine\u201d.<\/p>\n<p>\u201c&#8230;Sepse \u00ebsht\u00eb hera e tret\u00eb q\u00eb po mbajm\u00eb mbi supe pesh\u00ebn e r\u00ebnd\u00eb t\u00eb fatit t\u00eb hidhur Kosov\u00ebs&#8230;Konsistenca dhe stabiliteti, vendimarrja jote dhe besimi n\u00eb parime jan\u00eb ato q\u00eb t\u00eb identifikojn\u00eb m\u00eb s\u00eb miri, prandaj p\u00ebrball\u00eb teje ata ndjehen t\u00eb vegjel, prandaj ti p\u00ebrb\u00ebn rrezik p\u00ebr ta, kot nuk thuhet mbrojtja m\u00eb e mir\u00eb \u00ebsht\u00eb sulmi, t\u00eb sulmuan p\u00ebr t\u2019a madh\u00ebshtuar vetveten. N\u00ebse ata do t\u00eb shkonin nj\u00eb her\u00eb n\u00eb ndonj\u00eb proces gjyq\u00ebsor do t\u00eb sh\u00ebndrroheshin n\u00eb grimca dhe k\u00ebtu \u00ebsht\u00eb fatkeq\u00ebsia dhe nuk ka gj\u00eb m\u00eb t\u00eb keqe se zem\u00ebrlig\u00ebsia.<\/p>\n<p>Ti gjithmon\u00eb e ke dhe e kishe nj\u00eb popull mbrapa, t\u00eb mbeshtet\u00ebn dje dhe sot, kjo \u00ebsht\u00eb fuqia m\u00eb e madhe q\u00eb nj\u00eb lider mund ta ket\u00eb! Edhe sot edhe gjithmon\u00eb ti do jesh fitimtar sepse besove dhe beson n\u00eb dicka m\u00eb madhore, ti beson n\u00eb nder e dinjitet. T\u00eb tjer\u00ebt le t\u00eb besojn\u00eb n\u00eb pushtet! T\u00eb presim me Han\u00ebn, Gjinin dhe Trimin bashk\u00eb me t\u2019gjith\u00eb f\u00ebmij\u00ebt e Kosov\u00ebs q\u00eb do rriten duke mos u ndier inferior!!!\u201d, shkruan bashk\u00ebshortja e Ramush Haradinajt.<\/p>\n<p>&nbsp;<\/p>","protected":false},"excerpt":{"rendered":"<p>&nbsp; Bashk\u00ebshortja e kryeministrit t\u00eb Kosov\u00ebs, Anita Mu\u00e7aj me rastin e nisjes s\u00eb Hardinajt drejt Hag\u00ebs ka b\u00ebr\u00eb nj\u00eb postim n\u00eb faqen e saj n\u00eb Facebook. Ajo shkruan se bashk\u00ebshorti I I saj p\u00ebrball\u00eb tij ka persona q\u00eb ndihen t\u00eb vegj\u00ebl dhe n\u00ebse ata do t\u00eb shkonin ndonj\u00ebher\u00eb n\u00eb ndonj\u00eb process gjyq\u00ebsor do t\u00eb shnd\u00ebroheshin [&hellip;]<\/p>\n","protected":false},"author":2013,"featured_media":98070,"comment_status":"open","ping_status":"closed","sticky":false,"template":"","format":"standard","meta":{"footnotes":""},"categories":[241,2],"tags":[],"class_list":{"0":"post-98069","1":"post","2":"type-post","3":"status-publish","4":"format-standard","5":"has-post-thumbnail","7":"category-aktualitet","8":"category-rajoni"},"_links":{"self":[{"href":"https:\/\/zjarr.tv\/en\/wp-json\/wp\/v2\/posts\/98069","targetHints":{"allow":["GET"]}}],"collection":[{"href":"https:\/\/zjarr.tv\/en\/wp-json\/wp\/v2\/posts"}],"about":[{"href":"https:\/\/zjarr.tv\/en\/wp-json\/wp\/v2\/types\/post"}],"author":[{"embeddable":true,"href":"https:\/\/zjarr.tv\/en\/wp-json\/wp\/v2\/users\/2013"}],"replies":[{"embeddable":true,"href":"https:\/\/zjarr.tv\/en\/wp-json\/wp\/v2\/comments?post=98069"}],"version-history":[{"count":0,"href":"https:\/\/zjarr.tv\/en\/wp-json\/wp\/v2\/posts\/98069\/revisions"}],"wp:featuredmedia":[{"embeddable":true,"href":"https:\/\/zjarr.tv\/en\/wp-json\/wp\/v2\/media\/98070"}],"wp:attachment":[{"href":"https:\/\/zjarr.tv\/en\/wp-json\/wp\/v2\/media?parent=98069"}],"wp:term":[{"taxonomy":"category","embeddable":true,"href":"https:\/\/zjarr.tv\/en\/wp-json\/wp\/v2\/categories?post=98069"},{"taxonomy":"post_tag","embeddable":true,"href":"https:\/\/zjarr.tv\/en\/wp-json\/wp\/v2\/tags?post=98069"}],"curies":[{"name":"wp","href":"https:\/\/api.w.org\/{rel}","templated":true}]}}