{"id":98076,"date":"2019-07-23T15:38:52","date_gmt":"2019-07-23T13:38:52","guid":{"rendered":"https:\/\/zjarr.tv\/?p=98076"},"modified":"2019-07-23T15:38:52","modified_gmt":"2019-07-23T13:38:52","slug":"mblidhet-klgj-mundesite-per-zgjidhjen-e-ngercit-ne-gjykaten-e-larte","status":"publish","type":"post","link":"https:\/\/zjarr.tv\/en\/mblidhet-klgj-mundesite-per-zgjidhjen-e-ngercit-ne-gjykaten-e-larte\/","title":{"rendered":"Mblidhet KLGJ: Mund\u00ebsit\u00eb p\u00ebr zgjidhjen e ng\u00ebrcit n\u00eb Gjykat\u00ebn e Lart\u00eb"},"content":{"rendered":"<p>&nbsp;<\/p>\n<p>K\u00ebshilli i Lart\u00eb Gjyq\u00ebsor diskutoi sot mbi problematik\u00ebn e krijuar p\u00ebr funksionalitetin e Gjykat\u00ebs s\u00eb Lart\u00eb. I pranish\u00ebm n\u00eb mbledhje zv.kryetari Maksim Qoku u shpreh se Organika gjyq\u00ebsore e Gjykat\u00ebs s\u00eb Lart\u00eb p\u00ebrb\u00ebhet nga 19 an\u00ebtar\u00eb.<\/p>\n<p>Komisioni i zhvillimit t\u00eb karrier\u00ebs i ka k\u00ebrkuar informacion p\u00ebr an\u00ebtar\u00ebt dhe sipas informacioneve t\u00eb p\u00ebrcjella 3 prej an\u00ebtat\u00ebve u ka mbaruar mandati para vetingut, 5 prej tyre iu \u00ebsht\u00eb nd\u00ebrprere mandati pasi kan\u00eb hequr dor\u00eb dhe 6 jan\u00eb shkaktuar nga detyra nga vettingu, nj\u00eb prejt tyre nuk e ushtron detyr\u00ebn p\u00ebr shkak t\u00eb angazhimit n\u00eb KLGj. Aktualisht jan\u00eb 2 an\u00ebtar\u00eb, nj\u00ebri me mandat t\u00eb p\u00ebrfunduar,\u00a0 nd\u00ebrsa an\u00ebtari tjet\u00ebr \u00ebsh\u00eb n\u00eb pritje t\u00eb vendimit nga KPA.<\/p>\n<p>P\u00ebr k\u00ebt\u00eb arsye, KLGJ vlereson se problemi m\u00eb emergjent \u00ebsht\u00eb t\u00eb pakt\u00ebn formimi i nj\u00eb trupe me tre an\u00ebtar\u00eb p\u00ebr funksionimin e Gjykat\u00ebs s\u00eb Lart\u00eb.\u00a0KLGJ mbetet i angazhur p\u00ebr problematik\u00ebn aktuale, bazuar n\u00eb tre pika kryesore:<\/p>\n<ol>\n<li>Plotes\u00ebmi p\u00ebrfundimisht i trup\u00ebs s\u00eb Gjykat\u00ebs s\u00eb Larte<br \/>\n<strong>2.<\/strong>Trajtimi i c\u00ebshtjeve t\u00eb mbetura n\u00eb gjykat\u00eb<br \/>\n<strong>3.<\/strong>\u00a0Shmangien e vonesave t\u00eb shqyrtimit n\u00eb k\u00ebt\u00eb gjykat\u00eb<\/li>\n<\/ol>\n<p>Qoku u shpreh se KLGJ ka detyr\u00eb t\u00eb siguroj\u00eb funksionalitetin e Gjykat\u00ebs s\u00eb Lart\u00eb. N\u00eb mbledhjen e dat\u00ebs 5.7.19 u krijuan premisa p\u00ebr nisjen e gar\u00ebs p\u00ebr kandidat\u00ebt jogjyqtar\u00eb n\u00eb Gjykat\u00ebn e Lart\u00eb.<\/p>\n<p>KLGJ\u00a0 mund\u00ebson \u00e7eljen e gar\u00ebs p\u00ebr jurist\u00ebt m\u00eb t\u00eb spikatur q\u00eb mbarti\u00a0 ekspertiz\u00ebn e nevojshme p\u00ebr t\u2019u b\u00ebr\u00eb pjes\u00eb e koleg\u00ebve t\u00eb Gjykat\u00ebs s\u00eb Lart\u00eb, ndersa u listuan edhe problematikat m\u00eb emergjente:<\/p>\n<p><strong>S\u00eb pari<\/strong>, shqyrtimi i cc\u00ebshtjeve n\u00eb lidhje me k\u00ebrkesat p\u00ebr ekstradim, t\u00eb cilat n\u00eb rast t\u00eb tejkalkmit t\u00eb afateve sjell edhe shfuqizim t\u00eb mas\u00ebs \u201carrest ne burg\u201d<\/p>\n<p><strong>S\u00eb dyti<\/strong>, pamund\u00ebsia e ankimeve t\u00eb ve\u00e7anta t\u00eb gjykatave civile p\u00ebr kompetenc\u00eb apo juridiksion.<\/p>\n<p><strong>S\u00eb treti,<\/strong>\u00a0pamund\u00ebsia e ankimeve t\u00eb ve\u00e7anta t\u00eb gjykatave admistrative p\u00ebr kompetenc\u00eb juridiksion.<\/p>\n<p><strong>S\u00eb kat\u00ebrti,<\/strong>\u00a0pamund\u00ebsia e ankimeve te ve\u00e7anta t\u00eb gjykatave p\u00ebr kompetenc\u00eb jurdiksion.<\/p>\n<p><strong>S\u00eb pesti,<\/strong>\u00a0pamund\u00ebsia p\u00ebr t\u00eb shqyrtuar k\u00ebrkesat p\u00ebr mosekzekutim t\u00eb vendimeve r\u00eb form\u00ebs s\u00eb prer\u00eb, q\u00eb mund t\u00eb krijojn\u00eb efekte t\u00eb pakthyeshme.<\/p>\n<p><strong>S\u00eb gjashti,<\/strong>\u00a0eksodi i ankimeve q\u00eb shkojn\u00eb n\u00eb Srasburg pa u ezauruar n\u00eb gjykat\u00ebn e larte.<\/p>\n<p><strong>S\u00eb shtati<\/strong>\u00a0zgjatja e peoceseve.<\/p>\n<p><strong>S\u00eb teti,<\/strong>\u00a0pamundesia p\u00ebr vendimeve q\u00eb unifikojn\u00eb praktik\u00ebn gjyq\u00ebsore.<\/p>\n<p>N\u00eb mbledhje K\u00ebshilli i Lart\u00eb Gjyq\u00ebsor diskutoi edhe mbi mund\u00ebsit\u00eb p\u00ebr nxjerrjen nga ng\u00ebr\u00e7i t\u00eb Gjykat\u00ebs s\u00eb Lart\u00eb, duke vecuar tre shtyllat kryesore:<\/p>\n<p><strong>1.<\/strong>Skema e delegimit t\u00eb gjyqtar\u00ebve.<br \/>\n<strong>2.<\/strong>Aplikimi i transferimit t\u00eb p\u00ebrkohsh\u00ebm.<br \/>\n<strong>3.<\/strong>Aplikimi i caktimit t\u00eb gjyqtar\u00ebve n\u00eb nj\u00eb c\u00ebshtje t\u00eb caktuar<\/p>\n<p>&nbsp;<\/p>","protected":false},"excerpt":{"rendered":"<p>&nbsp; K\u00ebshilli i Lart\u00eb Gjyq\u00ebsor diskutoi sot mbi problematik\u00ebn e krijuar p\u00ebr funksionalitetin e Gjykat\u00ebs s\u00eb Lart\u00eb. I pranish\u00ebm n\u00eb mbledhje zv.kryetari Maksim Qoku u shpreh se Organika gjyq\u00ebsore e Gjykat\u00ebs s\u00eb Lart\u00eb p\u00ebrb\u00ebhet nga 19 an\u00ebtar\u00eb. Komisioni i zhvillimit t\u00eb karrier\u00ebs i ka k\u00ebrkuar informacion p\u00ebr an\u00ebtar\u00ebt dhe sipas informacioneve t\u00eb p\u00ebrcjella 3 prej [&hellip;]<\/p>\n","protected":false},"author":2013,"featured_media":98077,"comment_status":"open","ping_status":"closed","sticky":false,"template":"","format":"standard","meta":{"footnotes":""},"categories":[241,235],"tags":[],"class_list":{"0":"post-98076","1":"post","2":"type-post","3":"status-publish","4":"format-standard","5":"has-post-thumbnail","7":"category-aktualitet","8":"category-vendi"},"_links":{"self":[{"href":"https:\/\/zjarr.tv\/en\/wp-json\/wp\/v2\/posts\/98076","targetHints":{"allow":["GET"]}}],"collection":[{"href":"https:\/\/zjarr.tv\/en\/wp-json\/wp\/v2\/posts"}],"about":[{"href":"https:\/\/zjarr.tv\/en\/wp-json\/wp\/v2\/types\/post"}],"author":[{"embeddable":true,"href":"https:\/\/zjarr.tv\/en\/wp-json\/wp\/v2\/users\/2013"}],"replies":[{"embeddable":true,"href":"https:\/\/zjarr.tv\/en\/wp-json\/wp\/v2\/comments?post=98076"}],"version-history":[{"count":0,"href":"https:\/\/zjarr.tv\/en\/wp-json\/wp\/v2\/posts\/98076\/revisions"}],"wp:featuredmedia":[{"embeddable":true,"href":"https:\/\/zjarr.tv\/en\/wp-json\/wp\/v2\/media\/98077"}],"wp:attachment":[{"href":"https:\/\/zjarr.tv\/en\/wp-json\/wp\/v2\/media?parent=98076"}],"wp:term":[{"taxonomy":"category","embeddable":true,"href":"https:\/\/zjarr.tv\/en\/wp-json\/wp\/v2\/categories?post=98076"},{"taxonomy":"post_tag","embeddable":true,"href":"https:\/\/zjarr.tv\/en\/wp-json\/wp\/v2\/tags?post=98076"}],"curies":[{"name":"wp","href":"https:\/\/api.w.org\/{rel}","templated":true}]}}