{"id":98079,"date":"2019-07-23T15:39:56","date_gmt":"2019-07-23T13:39:56","guid":{"rendered":"https:\/\/zjarr.tv\/?p=98079"},"modified":"2019-07-23T15:39:56","modified_gmt":"2019-07-23T13:39:56","slug":"pd-varferia-ne-shqiperi-eshte-rritur-ne-35-2","status":"publish","type":"post","link":"https:\/\/zjarr.tv\/en\/pd-varferia-ne-shqiperi-eshte-rritur-ne-35-2\/","title":{"rendered":"PD: Varf\u00ebria n\u00eb Shqip\u00ebri \u00ebsht\u00eb rritur n\u00eb 35.2%"},"content":{"rendered":"<p>&nbsp;<\/p>\n<p>Raporti i Komisionit Evropian mbi shkall\u00ebn e varf\u00ebris\u00eb n\u00eb Shqip\u00ebri, sipas partis\u00eb demokratike tregon se shteti ka d\u00ebshtuar n\u00eb kujdesin dhe politikat sociale. ish deputetja Oriola Pampuri n\u00eb nj\u00eb deklarat\u00eb p\u00ebr mediat tha se varf\u00ebria \u00ebsht\u00eb rritur n\u00eb 35.2%.<\/p>\n<p><strong>Oriola Pampuri:<\/strong><em>\u00a0\u201cFamiljet m\u00eb t\u00eb prekura nga rritja e varf\u00ebris\u00eb n\u00eb vend jan\u00eb ato m\u00eb t\u00eb pambrojturat, jan\u00eb t\u00eb papun\u00ebt, familjet q\u00eb jetojn\u00eb n\u00eb fshat, t\u00eb moshuarit, grat\u00eb e divorcuara, personat me aft\u00ebsi t\u00eb kufizuara, si dhe rom\u00ebt e egjiptian\u00ebt. 35.2 p\u00ebrqind e rritjes s\u00eb varf\u00ebris\u00eb do t\u00eb thot\u00eb se shteti ka d\u00ebshtuar plot\u00ebsisht me kujdesin dhe politikat sociale.\u201d<\/em><\/p>\n<p>V\u00ebshtir\u00ebsit\u00eb e pun\u00ebsimit t\u00eb personave me aft\u00ebsi t\u00eb kufizuar pohohen edhe nga vet\u00eb p\u00ebrfaq\u00ebsuesit e k\u00ebsaj kategorie.<\/p>\n<p>Kreu i shoqat\u00ebs s\u00eb invalid\u00ebve, Abdullah Omuri flet p\u00ebr v\u00ebshtir\u00ebsit\u00eb n\u00eb pun\u00ebsimin e tyre.<\/p>\n<p><strong>Abdullah Omuri:\u00a0<\/strong><em>&#8220;I marrim me orar t\u00eb zgjatur dhe nuk i jep at\u00eb q\u00eb i takon n\u00eb baze t\u00eb kodit t\u00eb pun\u00ebs, ose i nxjerr edhe dit\u00ebt e pushimit. Kjo e b\u00ebn t\u00eb pak\u00ebnaqur. Ose duke k\u00ebrkuar disa gj\u00ebra q\u00eb jan\u00eb n\u00eb kund\u00ebrshtim me raportin mjek\u00ebsor p\u00ebr invalidin. Deri tani mund t\u00eb them se vet\u00ebm p\u00ebr muajin qershor jan\u00eb fitua 3 vendime gjyqi p\u00ebr tu kthyer n\u00eb vendin e pun\u00ebs invalid\u00ebt.&#8221;<\/em><\/p>\n<p>N\u00eb seanc\u00ebn e fundit t\u00eb parlamentit p\u00ebr k\u00ebt\u00eb sesion, \u00ebsht\u00eb miratuar ligji i ri p\u00ebr asistenc\u00ebn sociale, i cili ka hequr limitin p\u00ebr mb\u00ebshtetjen e personave me aft\u00ebsi ndryshe q\u00eb punojn\u00eb.<\/p>\n<p>Ogerta Manastirliu: \u201cHiqet tavani 48 muaj p\u00ebr mb\u00ebshtetjen e personave me aft\u00ebsi t\u00eb kufizuar q\u00eb futen n\u00eb pun\u00eb nd\u00ebrkoh\u00eb edhe zgjerojm\u00eb baz\u00ebn p\u00ebr personat q\u00eb invalidizohen, nuk mund t\u00eb p\u00ebrfitonin p\u00ebr shkak t\u00eb kontributeve t\u00eb munguara n\u00eb skem\u00ebn e sigurimeve shoq\u00ebrore.&#8221;<\/p>\n<p>Deri tani, personat me aft\u00ebsi ndryshe e merrnin pages\u00ebn e aft\u00ebsis\u00eb s\u00eb kufizuar edhe 4 vite pas pun\u00ebsimit, nd\u00ebrsa me ligjin e ri, e marrin p\u00ebrfitimin pa nd\u00ebrprerje.<\/p>\n<p>&nbsp;<\/p>","protected":false},"excerpt":{"rendered":"<p>&nbsp; Raporti i Komisionit Evropian mbi shkall\u00ebn e varf\u00ebris\u00eb n\u00eb Shqip\u00ebri, sipas partis\u00eb demokratike tregon se shteti ka d\u00ebshtuar n\u00eb kujdesin dhe politikat sociale. ish deputetja Oriola Pampuri n\u00eb nj\u00eb deklarat\u00eb p\u00ebr mediat tha se varf\u00ebria \u00ebsht\u00eb rritur n\u00eb 35.2%. Oriola Pampuri:\u00a0\u201cFamiljet m\u00eb t\u00eb prekura nga rritja e varf\u00ebris\u00eb n\u00eb vend jan\u00eb ato m\u00eb t\u00eb [&hellip;]<\/p>\n","protected":false},"author":2013,"featured_media":67969,"comment_status":"open","ping_status":"closed","sticky":false,"template":"","format":"standard","meta":{"footnotes":""},"categories":[241,235],"tags":[],"class_list":{"0":"post-98079","1":"post","2":"type-post","3":"status-publish","4":"format-standard","5":"has-post-thumbnail","7":"category-aktualitet","8":"category-vendi"},"_links":{"self":[{"href":"https:\/\/zjarr.tv\/en\/wp-json\/wp\/v2\/posts\/98079","targetHints":{"allow":["GET"]}}],"collection":[{"href":"https:\/\/zjarr.tv\/en\/wp-json\/wp\/v2\/posts"}],"about":[{"href":"https:\/\/zjarr.tv\/en\/wp-json\/wp\/v2\/types\/post"}],"author":[{"embeddable":true,"href":"https:\/\/zjarr.tv\/en\/wp-json\/wp\/v2\/users\/2013"}],"replies":[{"embeddable":true,"href":"https:\/\/zjarr.tv\/en\/wp-json\/wp\/v2\/comments?post=98079"}],"version-history":[{"count":0,"href":"https:\/\/zjarr.tv\/en\/wp-json\/wp\/v2\/posts\/98079\/revisions"}],"wp:featuredmedia":[{"embeddable":true,"href":"https:\/\/zjarr.tv\/en\/wp-json\/wp\/v2\/media\/67969"}],"wp:attachment":[{"href":"https:\/\/zjarr.tv\/en\/wp-json\/wp\/v2\/media?parent=98079"}],"wp:term":[{"taxonomy":"category","embeddable":true,"href":"https:\/\/zjarr.tv\/en\/wp-json\/wp\/v2\/categories?post=98079"},{"taxonomy":"post_tag","embeddable":true,"href":"https:\/\/zjarr.tv\/en\/wp-json\/wp\/v2\/tags?post=98079"}],"curies":[{"name":"wp","href":"https:\/\/api.w.org\/{rel}","templated":true}]}}