{"id":98126,"date":"2019-07-23T16:04:22","date_gmt":"2019-07-23T14:04:22","guid":{"rendered":"https:\/\/zjarr.tv\/?p=98126"},"modified":"2019-07-23T16:04:22","modified_gmt":"2019-07-23T14:04:22","slug":"perplasje-mes-policise-e-banoreve-te-unazes-se-re-arrestohen-babe-e-bir","status":"publish","type":"post","link":"https:\/\/zjarr.tv\/en\/perplasje-mes-policise-e-banoreve-te-unazes-se-re-arrestohen-babe-e-bir\/","title":{"rendered":"P\u00ebrplasje mes policis\u00eb e banor\u00ebve t\u00eb Unaz\u00ebs s\u00eb Re, arrestohen bab\u00eb e bir"},"content":{"rendered":"<p>&nbsp;<\/p>\n<p>Vazhdojn\u00eb p\u00ebrplasjet mes policis\u00eb dhe banor\u00ebve t\u00eb \u00a0Unaz\u00ebs s\u00eb Re.<\/p>\n<p>Pas p\u00ebrplasjeve gjat\u00eb mbr\u00ebmjes s\u00eb djeshme jan\u00eb v\u00ebn\u00eb n\u00eb prangat e uniformave blu baba e bir, Maliq dhe Eduart Ferhati.<\/p>\n<p>N\u00eb njoftimin b\u00ebr\u00eb publik p\u00ebr mediat, policia b\u00ebn me dije se t\u00eb arrestuarit gjat\u00eb tubimit n\u00eb Unaz\u00ebn e Re kan\u00eb penguar n\u00eb kryerjen e detyr\u00ebs punonj\u00ebsit e policis\u00eb dhe i kan\u00eb goditur me sende t\u00eb forta.<\/p>\n<p><em>\u201cK\u00ebta persona m\u00eb dat\u00eb 22.07.2019, gjat\u00eb nj\u00eb tubimi pran\u00eb \u201cUnaz\u00ebs s\u00eb Re\u201d kan\u00eb goditur me sende t\u00eb forta dhe kan\u00eb penguar p\u00ebr kryerjen e detyr\u00ebs tre punonj\u00ebs t\u00eb policis\u00eb, t\u00eb cil\u00ebt ishin dislokuar n\u00eb sh\u00ebrbim p\u00ebr ruajtjen e rendit publik. Gjithashtu k\u00ebta shtetas kan\u00eb kund\u00ebrshtuar me dhun\u00eb, duke i goditur me sende t\u00eb forta efektiv\u00ebt e policis\u00eb t\u00eb Komisariatit Nr.6, n\u00eb momentin e shqoq\u00ebrimit t\u00eb tyre p\u00ebr n\u00eb ambientet e Policis\u00eb\u201d,<\/em>\u00a0&#8211; njofton policia.<\/p>\n<p>Materialet n\u00eb ngarkim t\u00eb k\u00ebtyre shtetasve u referuan n\u00eb Prokurorin\u00eb e Rrethit Gjyq\u00ebsor Tiran\u00eb p\u00ebr veprime t\u00eb m\u00ebtejshme .<\/p>\n<p>&nbsp;<\/p>","protected":false},"excerpt":{"rendered":"<p>&nbsp; Vazhdojn\u00eb p\u00ebrplasjet mes policis\u00eb dhe banor\u00ebve t\u00eb \u00a0Unaz\u00ebs s\u00eb Re. Pas p\u00ebrplasjeve gjat\u00eb mbr\u00ebmjes s\u00eb djeshme jan\u00eb v\u00ebn\u00eb n\u00eb prangat e uniformave blu baba e bir, Maliq dhe Eduart Ferhati. N\u00eb njoftimin b\u00ebr\u00eb publik p\u00ebr mediat, policia b\u00ebn me dije se t\u00eb arrestuarit gjat\u00eb tubimit n\u00eb Unaz\u00ebn e Re kan\u00eb penguar n\u00eb kryerjen e [&hellip;]<\/p>\n","protected":false},"author":2013,"featured_media":93132,"comment_status":"open","ping_status":"closed","sticky":false,"template":"","format":"standard","meta":{"footnotes":""},"categories":[241,235],"tags":[],"class_list":{"0":"post-98126","1":"post","2":"type-post","3":"status-publish","4":"format-standard","5":"has-post-thumbnail","7":"category-aktualitet","8":"category-vendi"},"_links":{"self":[{"href":"https:\/\/zjarr.tv\/en\/wp-json\/wp\/v2\/posts\/98126","targetHints":{"allow":["GET"]}}],"collection":[{"href":"https:\/\/zjarr.tv\/en\/wp-json\/wp\/v2\/posts"}],"about":[{"href":"https:\/\/zjarr.tv\/en\/wp-json\/wp\/v2\/types\/post"}],"author":[{"embeddable":true,"href":"https:\/\/zjarr.tv\/en\/wp-json\/wp\/v2\/users\/2013"}],"replies":[{"embeddable":true,"href":"https:\/\/zjarr.tv\/en\/wp-json\/wp\/v2\/comments?post=98126"}],"version-history":[{"count":0,"href":"https:\/\/zjarr.tv\/en\/wp-json\/wp\/v2\/posts\/98126\/revisions"}],"wp:featuredmedia":[{"embeddable":true,"href":"https:\/\/zjarr.tv\/en\/wp-json\/wp\/v2\/media\/93132"}],"wp:attachment":[{"href":"https:\/\/zjarr.tv\/en\/wp-json\/wp\/v2\/media?parent=98126"}],"wp:term":[{"taxonomy":"category","embeddable":true,"href":"https:\/\/zjarr.tv\/en\/wp-json\/wp\/v2\/categories?post=98126"},{"taxonomy":"post_tag","embeddable":true,"href":"https:\/\/zjarr.tv\/en\/wp-json\/wp\/v2\/tags?post=98126"}],"curies":[{"name":"wp","href":"https:\/\/api.w.org\/{rel}","templated":true}]}}