{"id":98128,"date":"2019-07-23T16:05:21","date_gmt":"2019-07-23T14:05:21","guid":{"rendered":"https:\/\/zjarr.tv\/?p=98128"},"modified":"2019-07-23T16:05:21","modified_gmt":"2019-07-23T14:05:21","slug":"gjiri-i-lalzit-hajdutet-grabisin-kasaforten-e-marketit-dhe-range-roverin-e-parkuar-aty","status":"publish","type":"post","link":"https:\/\/zjarr.tv\/en\/gjiri-i-lalzit-hajdutet-grabisin-kasaforten-e-marketit-dhe-range-roverin-e-parkuar-aty\/","title":{"rendered":"Gjiri i Lalzit: Hajdut\u00ebt grabisin kasafort\u00ebn e marketit dhe Range Roverin e parkuar aty"},"content":{"rendered":"<p>&nbsp;<\/p>\n<p>Kasaforta e nj\u00eb marketi \u00ebsht\u00eb grabitur n\u00eb or\u00ebt e para t\u00eb m\u00ebngjesit t\u00eb sot\u00ebm (23 korrik 2019) \u00a0n\u00eb Gjirin e Lalzit.<\/p>\n<p>Policia thot\u00eb se autor\u00ebt, ende t\u00eb paidentifikuar pasi kan\u00eb vjedhur nj\u00eb shum\u00eb parash ende t\u00eb \u00a0 pap\u00ebrcaktuar, kan\u00eb vjedhur dhe nj\u00eb automjet tip Range Rover q\u00eb ndodhej e parkuar aty dhe jan\u00eb larguar n\u00eb drejtim t\u00eb paditur.<\/p>\n<p>&#8220;N\u00eb or\u00ebt e para t\u00eb m\u00ebngjesit, n\u00eb Gjirin e Lal\u00ebzit, nga persona ende t\u00eb paidentifikuar \u00ebsht\u00eb vjedhur kasaforta e nj\u00eb marketi, n\u00eb t\u00eb cil\u00ebn ndodhej nj\u00eb shum\u00eb parash ende e pap\u00ebrcaktuar, \u00a0dhe \u00a0n\u00eb af\u00ebrsi t\u00eb k\u00ebtij marketi dyshohet se autor\u00ebt \u00a0 kan\u00eb vjedhur dhe nj\u00eb automjet tip &#8220;Range Rover&#8221; n\u00eb pron\u00ebsi t\u00eb nj\u00eb 55 vje\u00e7ari t\u00eb cilin e kishte parkuar aty&#8221; informon policia e Durr\u00ebsit mesdit\u00ebn e sotme.<\/p>\n<p>Policia po punon p\u00ebr identifikimin dhe kapjen e autor\u00ebve.<\/p>\n<p>Materialet hetimore i kaluan Prokuroris\u00eb p\u00ebr veprime t\u00eb m\u00ebtejshme.<\/p>\n<p>&nbsp;<\/p>","protected":false},"excerpt":{"rendered":"<p>&nbsp; Kasaforta e nj\u00eb marketi \u00ebsht\u00eb grabitur n\u00eb or\u00ebt e para t\u00eb m\u00ebngjesit t\u00eb sot\u00ebm (23 korrik 2019) \u00a0n\u00eb Gjirin e Lalzit. Policia thot\u00eb se autor\u00ebt, ende t\u00eb paidentifikuar pasi kan\u00eb vjedhur nj\u00eb shum\u00eb parash ende t\u00eb \u00a0 pap\u00ebrcaktuar, kan\u00eb vjedhur dhe nj\u00eb automjet tip Range Rover q\u00eb ndodhej e parkuar aty dhe jan\u00eb larguar [&hellip;]<\/p>\n","protected":false},"author":2013,"featured_media":98129,"comment_status":"open","ping_status":"closed","sticky":false,"template":"","format":"standard","meta":{"footnotes":""},"categories":[241,235],"tags":[],"class_list":{"0":"post-98128","1":"post","2":"type-post","3":"status-publish","4":"format-standard","5":"has-post-thumbnail","7":"category-aktualitet","8":"category-vendi"},"_links":{"self":[{"href":"https:\/\/zjarr.tv\/en\/wp-json\/wp\/v2\/posts\/98128","targetHints":{"allow":["GET"]}}],"collection":[{"href":"https:\/\/zjarr.tv\/en\/wp-json\/wp\/v2\/posts"}],"about":[{"href":"https:\/\/zjarr.tv\/en\/wp-json\/wp\/v2\/types\/post"}],"author":[{"embeddable":true,"href":"https:\/\/zjarr.tv\/en\/wp-json\/wp\/v2\/users\/2013"}],"replies":[{"embeddable":true,"href":"https:\/\/zjarr.tv\/en\/wp-json\/wp\/v2\/comments?post=98128"}],"version-history":[{"count":0,"href":"https:\/\/zjarr.tv\/en\/wp-json\/wp\/v2\/posts\/98128\/revisions"}],"wp:featuredmedia":[{"embeddable":true,"href":"https:\/\/zjarr.tv\/en\/wp-json\/wp\/v2\/media\/98129"}],"wp:attachment":[{"href":"https:\/\/zjarr.tv\/en\/wp-json\/wp\/v2\/media?parent=98128"}],"wp:term":[{"taxonomy":"category","embeddable":true,"href":"https:\/\/zjarr.tv\/en\/wp-json\/wp\/v2\/categories?post=98128"},{"taxonomy":"post_tag","embeddable":true,"href":"https:\/\/zjarr.tv\/en\/wp-json\/wp\/v2\/tags?post=98128"}],"curies":[{"name":"wp","href":"https:\/\/api.w.org\/{rel}","templated":true}]}}