{"id":98135,"date":"2019-07-23T16:27:57","date_gmt":"2019-07-23T14:27:57","guid":{"rendered":"https:\/\/zjarr.tv\/?p=98135"},"modified":"2019-07-23T16:27:57","modified_gmt":"2019-07-23T14:27:57","slug":"anija-italiane-sjell-500-turiste-vellai-drejtor-i-deputetit-e-bllokon-ne-det-te-hapur","status":"publish","type":"post","link":"https:\/\/zjarr.tv\/en\/anija-italiane-sjell-500-turiste-vellai-drejtor-i-deputetit-e-bllokon-ne-det-te-hapur\/","title":{"rendered":"Anija italiane sjell 500 turist\u00eb, v\u00ebllai drejtor i deputetit e bllokon n\u00eb det t\u00eb hapur"},"content":{"rendered":"<p>&nbsp;<\/p>\n<p>Nj\u00eb anije turistike me 500 italian\u00eb n\u00eb bord \u00ebsht\u00eb bllokuar sot n\u00eb uj\u00ebrat e Sarand\u00ebs, nga Drejtori i P\u00ebrgjithsh\u00ebm i Porteve, Paulin Ndreu q\u00eb \u00ebsht\u00eb nj\u00ebkoh\u00ebsisht edhe v\u00ebllai i deputetit socialisht, Pjerin Ndreu.<\/p>\n<p>Denoncimi \u00ebsht\u00eb b\u00ebr\u00eb nga nj\u00eb punonj\u00ebs i portit t\u00eb Sarand\u00ebs q\u00eb denoncon faktin q\u00eb anija Red Star 1 \u00ebsht\u00eb bllokuar p\u00ebr gjat\u00eb gjith\u00eb dit\u00ebs me urdh\u00ebr t\u00eb Paulin Ndreut, me 500 turist\u00eb italian\u00eb n\u00eb bord.<\/p>\n<p>Denoncimi \u00ebsht\u00eb b\u00ebr\u00eb publik edhe nga ish-kryeministri Berisha<\/p>\n<p>\u2018Denoncohet bllokimi i anijes turistike nga famozi Pjerin Ndreu! sb<\/p>\n<p>Pershendetje dr Anijen Red Star 1 me urdher t Paulin Ndreut e kane bllokuar gjith diten sot sepse solli 500 turiste italian ne Sarande, Asnje media nuk e publikon asnje gje. Ky eshte nje turp per Edi Ramen dhe banden e tij Dhe justifikimi eshte pse nuk ke license kur ajo ne sarande punon si anije turistike E gjitha kjo per xhepin e Paulinit , un nuk jam axhenti i tij, une jam axhent tjeter qe i dua te miren vendit tim.<\/p>\n<p>Flm nqse e publikoni. Respekte\u201d<\/p>\n<p>&nbsp;<\/p>","protected":false},"excerpt":{"rendered":"<p>&nbsp; Nj\u00eb anije turistike me 500 italian\u00eb n\u00eb bord \u00ebsht\u00eb bllokuar sot n\u00eb uj\u00ebrat e Sarand\u00ebs, nga Drejtori i P\u00ebrgjithsh\u00ebm i Porteve, Paulin Ndreu q\u00eb \u00ebsht\u00eb nj\u00ebkoh\u00ebsisht edhe v\u00ebllai i deputetit socialisht, Pjerin Ndreu. Denoncimi \u00ebsht\u00eb b\u00ebr\u00eb nga nj\u00eb punonj\u00ebs i portit t\u00eb Sarand\u00ebs q\u00eb denoncon faktin q\u00eb anija Red Star 1 \u00ebsht\u00eb bllokuar p\u00ebr [&hellip;]<\/p>\n","protected":false},"author":2013,"featured_media":38161,"comment_status":"open","ping_status":"closed","sticky":false,"template":"","format":"standard","meta":{"footnotes":""},"categories":[241,235],"tags":[],"class_list":{"0":"post-98135","1":"post","2":"type-post","3":"status-publish","4":"format-standard","5":"has-post-thumbnail","7":"category-aktualitet","8":"category-vendi"},"_links":{"self":[{"href":"https:\/\/zjarr.tv\/en\/wp-json\/wp\/v2\/posts\/98135","targetHints":{"allow":["GET"]}}],"collection":[{"href":"https:\/\/zjarr.tv\/en\/wp-json\/wp\/v2\/posts"}],"about":[{"href":"https:\/\/zjarr.tv\/en\/wp-json\/wp\/v2\/types\/post"}],"author":[{"embeddable":true,"href":"https:\/\/zjarr.tv\/en\/wp-json\/wp\/v2\/users\/2013"}],"replies":[{"embeddable":true,"href":"https:\/\/zjarr.tv\/en\/wp-json\/wp\/v2\/comments?post=98135"}],"version-history":[{"count":0,"href":"https:\/\/zjarr.tv\/en\/wp-json\/wp\/v2\/posts\/98135\/revisions"}],"wp:featuredmedia":[{"embeddable":true,"href":"https:\/\/zjarr.tv\/en\/wp-json\/wp\/v2\/media\/38161"}],"wp:attachment":[{"href":"https:\/\/zjarr.tv\/en\/wp-json\/wp\/v2\/media?parent=98135"}],"wp:term":[{"taxonomy":"category","embeddable":true,"href":"https:\/\/zjarr.tv\/en\/wp-json\/wp\/v2\/categories?post=98135"},{"taxonomy":"post_tag","embeddable":true,"href":"https:\/\/zjarr.tv\/en\/wp-json\/wp\/v2\/tags?post=98135"}],"curies":[{"name":"wp","href":"https:\/\/api.w.org\/{rel}","templated":true}]}}