{"id":98176,"date":"2019-07-23T17:49:50","date_gmt":"2019-07-23T15:49:50","guid":{"rendered":"https:\/\/zjarr.tv\/?p=98176"},"modified":"2019-07-23T17:49:50","modified_gmt":"2019-07-23T15:49:50","slug":"ndarja-e-kosoves-pack-ishte-ideja-e-dy-presidenteve-ne-kosove-dhe-serbi-haradinaj-korrekt","status":"publish","type":"post","link":"https:\/\/zjarr.tv\/en\/ndarja-e-kosoves-pack-ishte-ideja-e-dy-presidenteve-ne-kosove-dhe-serbi-haradinaj-korrekt\/","title":{"rendered":"Ndarja e Kosov\u00ebs\/ Pack: Ishte ideja e dy president\u00ebve n\u00eb Kosov\u00eb dhe Serbi. Haradinaj korrekt&#8230;"},"content":{"rendered":"<p>&nbsp;<\/p>\n<p>Doris Pack, politikanja e njohur europiane, n\u00eb nj\u00eb intervist\u00eb p\u00ebr Gazeta Express, komenton dor\u00ebheqjen e Ramush Haradinajt, nd\u00ebrsa nuk anashkalon as situat\u00ebn politike q\u00eb po kalon Kosova dhe rajoni.<\/p>\n<p>Sipas presidentes s\u00eb grupit t\u00eb grave t\u00eb Partive Popullore Evropiane, ka qen\u00eb nj\u00eb veprim t\u00eb cilin nuk e ka pritur por e cil\u00ebson si korrekt.<\/p>\n<p>\u201cE kam th\u00ebn\u00eb se reagimi i tij ka qen\u00eb mjaft korrekt, t\u00eb cilin nuk e kam pritur\u201d, tha Pack.<\/p>\n<p>Sipas saj, ftesa p\u00ebr intervist\u00eb nga Gjykata e Hag\u00ebs mund t\u00eb mos jet\u00eb e vetmja arsye, por q\u00eb nuk d\u00ebshiron q\u00eb t\u00eb spekuloj\u00eb ndonj\u00eb gj\u00eb.<\/p>\n<p>\u201cDuhet t\u00eb jet\u00eb nj\u00eb arsye dhe lajme t\u00eb reja p\u00ebr vendimin e tij, p\u00ebr t\u00eb cilat un\u00eb nuk dua t\u00eb spekuloj\u201d, shtoi Pack.<\/p>\n<p>Duke folur p\u00ebr faktin se ndarja e Kosov\u00ebs, Pack shprehet se kjo ishte ideja e dy president\u00ebve, Hashim Tha\u00e7i dhe Aleksand\u00ebr Vu\u00e7i\u00e7, nd\u00ebrsa shtoi se Haradinaj ishte kund\u00ebr k\u00ebtij plani<\/p>\n<p>\u201cAskush n\u00eb Kosov\u00eb nuk do shk\u00ebmbim territorial. Ishte vet\u00ebm agjenda e dy president\u00ebve n\u00eb Kosov\u00eb dhe Serbi. E k\u00ebtu, kryeministri dhe qeveria e tij kishin t\u00eb drejt\u00eb ta kund\u00ebrshtonin k\u00ebt\u00eb ide\u201d , shpreh Doris Pack.<\/p>\n<p>\u201c\u00c7do lidership i ri duhet ta ndjek k\u00ebt\u00eb (kund\u00ebrshtimin e ides\u00eb s\u00eb shk\u00ebmbimit t\u00eb territoreve), sepse kjo nuk do t\u00eb ishte zgjidhje, por do t\u00eb krijonte probleme m\u00eb t\u00eb m\u00ebdha n\u00eb t\u00ebr\u00eb rajonin\u201d tha ajo duke theksuar se \u201cdo t\u00eb ishte k\u00ebrc\u00ebnim p\u00ebr paqen dhe stabilitetin\u201d, ishte mesazhi i Pack p\u00ebr politikan\u00ebt n\u00eb Prishtin\u00eb.<\/p>\n<p>Nd\u00ebrsa tani q\u00eb negociatat jan\u00eb t\u00eb bllokuara dhe Bashkimi Evropian udh\u00ebhiqet nga tjer\u00eb politikan\u00eb, ajo tha se nuk ka r\u00ebnd\u00ebsi se n\u00ebn v\u00ebzhgimin e cilit institucion do t\u00eb mbahet dialogu, por me r\u00ebnd\u00ebsi \u00ebsht\u00eb q\u00eb t\u00eb mbahet diku, e p\u00ebr t\u00eb r\u00ebnd\u00ebsi t\u00eb madhe ka edhe qasja franceze ndaj dialogut.<\/p>\n<p>\u201cNegociatat duhet t\u00eb vazhdojn\u00eb; n\u00ebn P\u00ebrfaq\u00ebsuesin e Politik\u00ebs s\u00eb Jashtme apo jo. Shihet qart\u00eb q\u00eb n\u00eb mes \u00ebsht\u00eb edhe nj\u00eb interes i fuqish\u00ebm i Franc\u00ebs n\u00eb k\u00ebt\u00eb tem\u00eb, i cili do t\u00eb jet\u00eb ndihm\u00eb e madhe s\u00eb bashku me Gjermanin\u00eb\u201d tha Pack p\u00ebr Express.<\/p>\n<p>&nbsp;<\/p>","protected":false},"excerpt":{"rendered":"<p>&nbsp; Doris Pack, politikanja e njohur europiane, n\u00eb nj\u00eb intervist\u00eb p\u00ebr Gazeta Express, komenton dor\u00ebheqjen e Ramush Haradinajt, nd\u00ebrsa nuk anashkalon as situat\u00ebn politike q\u00eb po kalon Kosova dhe rajoni. Sipas presidentes s\u00eb grupit t\u00eb grave t\u00eb Partive Popullore Evropiane, ka qen\u00eb nj\u00eb veprim t\u00eb cilin nuk e ka pritur por e cil\u00ebson si korrekt. [&hellip;]<\/p>\n","protected":false},"author":2013,"featured_media":82456,"comment_status":"open","ping_status":"closed","sticky":false,"template":"","format":"standard","meta":{"footnotes":""},"categories":[241,235],"tags":[],"class_list":{"0":"post-98176","1":"post","2":"type-post","3":"status-publish","4":"format-standard","5":"has-post-thumbnail","7":"category-aktualitet","8":"category-vendi"},"_links":{"self":[{"href":"https:\/\/zjarr.tv\/en\/wp-json\/wp\/v2\/posts\/98176","targetHints":{"allow":["GET"]}}],"collection":[{"href":"https:\/\/zjarr.tv\/en\/wp-json\/wp\/v2\/posts"}],"about":[{"href":"https:\/\/zjarr.tv\/en\/wp-json\/wp\/v2\/types\/post"}],"author":[{"embeddable":true,"href":"https:\/\/zjarr.tv\/en\/wp-json\/wp\/v2\/users\/2013"}],"replies":[{"embeddable":true,"href":"https:\/\/zjarr.tv\/en\/wp-json\/wp\/v2\/comments?post=98176"}],"version-history":[{"count":0,"href":"https:\/\/zjarr.tv\/en\/wp-json\/wp\/v2\/posts\/98176\/revisions"}],"wp:featuredmedia":[{"embeddable":true,"href":"https:\/\/zjarr.tv\/en\/wp-json\/wp\/v2\/media\/82456"}],"wp:attachment":[{"href":"https:\/\/zjarr.tv\/en\/wp-json\/wp\/v2\/media?parent=98176"}],"wp:term":[{"taxonomy":"category","embeddable":true,"href":"https:\/\/zjarr.tv\/en\/wp-json\/wp\/v2\/categories?post=98176"},{"taxonomy":"post_tag","embeddable":true,"href":"https:\/\/zjarr.tv\/en\/wp-json\/wp\/v2\/tags?post=98176"}],"curies":[{"name":"wp","href":"https:\/\/api.w.org\/{rel}","templated":true}]}}