{"id":98227,"date":"2019-07-24T13:12:18","date_gmt":"2019-07-24T11:12:18","guid":{"rendered":"https:\/\/zjarr.tv\/?p=98227"},"modified":"2019-07-24T13:12:18","modified_gmt":"2019-07-24T11:12:18","slug":"meta-ne-oren-13-00-ne-gjk-depoziton-kerkesen-per-antikushtetutshmerine-e-ligjit-per-shembjen-e-teatrit","status":"publish","type":"post","link":"https:\/\/zjarr.tv\/en\/meta-ne-oren-13-00-ne-gjk-depoziton-kerkesen-per-antikushtetutshmerine-e-ligjit-per-shembjen-e-teatrit\/","title":{"rendered":"Meta n\u00eb or\u00ebn 13.00 n\u00eb GJK, depoziton k\u00ebrkes\u00ebn p\u00ebr antikushtetutshm\u00ebrin\u00eb e ligjit p\u00ebr shembjen e teatrit"},"content":{"rendered":"<p>Pas sulmit nga Policia p\u00ebr t\u00eb shembur godin\u00ebn e Teatrit ka reaguar ashp\u00ebr edhe Kreu u Shtetit Ilir Meta i cili k\u00ebrkoj q\u00eb t\u00eb ndalej dhune ndaj artist\u00ebve.<br \/>\nNd\u00ebrkoher b\u00ebh\u00ebt e ditur se Presidenti i Republik\u00ebs Ilir Meta do t\u00eb shkoj\u00eb sot n\u00eb ora 13:00 n\u00eb Gjykat\u00ebn Kushtetuese p\u00ebr t\u00eb depozituar k\u00ebrkes\u00ebn p\u00ebr shpalljen antikushtetuese t\u00eb ligjit p\u00ebr shembjen e godin\u00ebs s\u00eb Teatrit Komb\u00ebtar.<\/p>","protected":false},"excerpt":{"rendered":"<p>Pas sulmit nga Policia p\u00ebr t\u00eb shembur godin\u00ebn e Teatrit ka reaguar ashp\u00ebr edhe Kreu u Shtetit Ilir Meta i cili k\u00ebrkoj q\u00eb t\u00eb ndalej dhune ndaj artist\u00ebve. Nd\u00ebrkoher b\u00ebh\u00ebt e ditur se Presidenti i Republik\u00ebs Ilir Meta do t\u00eb shkoj\u00eb sot n\u00eb ora 13:00 n\u00eb Gjykat\u00ebn Kushtetuese p\u00ebr t\u00eb depozituar k\u00ebrkes\u00ebn p\u00ebr shpalljen antikushtetuese [&hellip;]<\/p>\n","protected":false},"author":2013,"featured_media":94851,"comment_status":"open","ping_status":"closed","sticky":false,"template":"","format":"standard","meta":{"footnotes":""},"categories":[241,235],"tags":[],"class_list":{"0":"post-98227","1":"post","2":"type-post","3":"status-publish","4":"format-standard","5":"has-post-thumbnail","7":"category-aktualitet","8":"category-vendi"},"_links":{"self":[{"href":"https:\/\/zjarr.tv\/en\/wp-json\/wp\/v2\/posts\/98227","targetHints":{"allow":["GET"]}}],"collection":[{"href":"https:\/\/zjarr.tv\/en\/wp-json\/wp\/v2\/posts"}],"about":[{"href":"https:\/\/zjarr.tv\/en\/wp-json\/wp\/v2\/types\/post"}],"author":[{"embeddable":true,"href":"https:\/\/zjarr.tv\/en\/wp-json\/wp\/v2\/users\/2013"}],"replies":[{"embeddable":true,"href":"https:\/\/zjarr.tv\/en\/wp-json\/wp\/v2\/comments?post=98227"}],"version-history":[{"count":0,"href":"https:\/\/zjarr.tv\/en\/wp-json\/wp\/v2\/posts\/98227\/revisions"}],"wp:featuredmedia":[{"embeddable":true,"href":"https:\/\/zjarr.tv\/en\/wp-json\/wp\/v2\/media\/94851"}],"wp:attachment":[{"href":"https:\/\/zjarr.tv\/en\/wp-json\/wp\/v2\/media?parent=98227"}],"wp:term":[{"taxonomy":"category","embeddable":true,"href":"https:\/\/zjarr.tv\/en\/wp-json\/wp\/v2\/categories?post=98227"},{"taxonomy":"post_tag","embeddable":true,"href":"https:\/\/zjarr.tv\/en\/wp-json\/wp\/v2\/tags?post=98227"}],"curies":[{"name":"wp","href":"https:\/\/api.w.org\/{rel}","templated":true}]}}