{"id":98251,"date":"2019-07-24T13:32:50","date_gmt":"2019-07-24T11:32:50","guid":{"rendered":"https:\/\/zjarr.tv\/?p=98251"},"modified":"2019-07-24T13:32:50","modified_gmt":"2019-07-24T11:32:50","slug":"protesta-per-teatrin-veliaj-tirana-do-fitoje-serish","status":"publish","type":"post","link":"https:\/\/zjarr.tv\/en\/protesta-per-teatrin-veliaj-tirana-do-fitoje-serish\/","title":{"rendered":"Protesta p\u00ebr Teatrin, Veliaj: Tirana do fitoj\u00eb s\u00ebrish"},"content":{"rendered":"<p>&nbsp;<\/p>\n<p>Kryebashkiaku i Tiran\u00ebs Erion Veliaj ka reaguar p\u00ebr protest\u00ebn e artist\u00ebve dhe qytetar\u00ebve p\u00ebr mos shembjen e Teatrit Komb\u00ebtar.<\/p>\n<p>Ai tha se ashtu si edhe tek Pazari, Bulevardi e Sheshi, ku ka pasur skeptik\u00eb q\u00eb tentonin t\u00eb pengonin zhvillimin, Tirana do fitoj\u00eb s\u00ebrish.<\/p>\n<p><em>\u201cNisi kund\u00ebr lodrave te Liqeni, pastaj kund\u00ebr Sheshit, kund\u00ebr Pazarit, kund\u00ebr Bulevardit, kund\u00ebr Kalas\u00eb, kund\u00ebr Zgjedhjeve me #EdheUn\u00eb dhe sot kund\u00ebr Teatrit t\u00eb ri! Kund\u00ebr, kund\u00ebr, kund\u00ebr! E keni v\u00ebn\u00eb re q\u00eb l\u00ebvizjet KUND\u00cbR progresit n\u00eb vend jan\u00eb i nj\u00ebjti grup? PD dhe LSI me mashat!\u00a0Si tek Lodrat, Pazari, Bulevardi e Sheshi, Tirana do fitoj\u00eb s\u00ebrish,\u201d-<\/em>thekson Velia<\/p>\n<p>Nd\u00ebrsa komentoi edhe mb\u00ebrritjen e kreut t\u00eb PD, Lulzim Bash\u00ebs tek Teatri n\u00eb mb\u00ebshtetje t\u00eb artist\u00ebve. Veliaj tha se \u00ebsht\u00eb hera e par\u00eb q\u00eb Basha shkon n\u00eb Teatrin Komb\u00ebtar.<\/p>\n<p><em>&#8220;\u00cbsht\u00eb lajm i mir\u00eb q\u00eb pas kaq vitesh teat\u00ebr n\u00eb politik\u00eb, Lulzim Basha shkon p\u00ebr her\u00eb t\u00eb par\u00eb n\u00eb teat\u00ebr. S&#8217;besoj tallashi i ngjan ndonj\u00eb teatri n\u00eb Holand\u00eb, ku m\u00eb i fundit \u00ebsht\u00eb Theatre de Stoep,&#8221;-<\/em>tha Veliaj.<\/p>\n<p>&nbsp;<\/p>","protected":false},"excerpt":{"rendered":"<p>&nbsp; Kryebashkiaku i Tiran\u00ebs Erion Veliaj ka reaguar p\u00ebr protest\u00ebn e artist\u00ebve dhe qytetar\u00ebve p\u00ebr mos shembjen e Teatrit Komb\u00ebtar. Ai tha se ashtu si edhe tek Pazari, Bulevardi e Sheshi, ku ka pasur skeptik\u00eb q\u00eb tentonin t\u00eb pengonin zhvillimin, Tirana do fitoj\u00eb s\u00ebrish. \u201cNisi kund\u00ebr lodrave te Liqeni, pastaj kund\u00ebr Sheshit, kund\u00ebr Pazarit, kund\u00ebr [&hellip;]<\/p>\n","protected":false},"author":2013,"featured_media":62633,"comment_status":"open","ping_status":"closed","sticky":false,"template":"","format":"standard","meta":{"footnotes":""},"categories":[241,235],"tags":[],"class_list":{"0":"post-98251","1":"post","2":"type-post","3":"status-publish","4":"format-standard","5":"has-post-thumbnail","7":"category-aktualitet","8":"category-vendi"},"_links":{"self":[{"href":"https:\/\/zjarr.tv\/en\/wp-json\/wp\/v2\/posts\/98251","targetHints":{"allow":["GET"]}}],"collection":[{"href":"https:\/\/zjarr.tv\/en\/wp-json\/wp\/v2\/posts"}],"about":[{"href":"https:\/\/zjarr.tv\/en\/wp-json\/wp\/v2\/types\/post"}],"author":[{"embeddable":true,"href":"https:\/\/zjarr.tv\/en\/wp-json\/wp\/v2\/users\/2013"}],"replies":[{"embeddable":true,"href":"https:\/\/zjarr.tv\/en\/wp-json\/wp\/v2\/comments?post=98251"}],"version-history":[{"count":0,"href":"https:\/\/zjarr.tv\/en\/wp-json\/wp\/v2\/posts\/98251\/revisions"}],"wp:featuredmedia":[{"embeddable":true,"href":"https:\/\/zjarr.tv\/en\/wp-json\/wp\/v2\/media\/62633"}],"wp:attachment":[{"href":"https:\/\/zjarr.tv\/en\/wp-json\/wp\/v2\/media?parent=98251"}],"wp:term":[{"taxonomy":"category","embeddable":true,"href":"https:\/\/zjarr.tv\/en\/wp-json\/wp\/v2\/categories?post=98251"},{"taxonomy":"post_tag","embeddable":true,"href":"https:\/\/zjarr.tv\/en\/wp-json\/wp\/v2\/tags?post=98251"}],"curies":[{"name":"wp","href":"https:\/\/api.w.org\/{rel}","templated":true}]}}