{"id":98257,"date":"2019-07-24T13:42:20","date_gmt":"2019-07-24T11:42:20","guid":{"rendered":"https:\/\/zjarr.tv\/?p=98257"},"modified":"2019-07-24T13:42:20","modified_gmt":"2019-07-24T11:42:20","slug":"beri-atentat-me-silenciator-ne-shkoder-arrestohet-30-vjecari-i-shpallur-ne-kerkim","status":"publish","type":"post","link":"https:\/\/zjarr.tv\/en\/beri-atentat-me-silenciator-ne-shkoder-arrestohet-30-vjecari-i-shpallur-ne-kerkim\/","title":{"rendered":"B\u00ebri atentat me silenciator n\u00eb Shkod\u00ebr, arrestohet 30- vje\u00e7ari i shpallur n\u00eb k\u00ebrkim"},"content":{"rendered":"<p>&nbsp;<\/p>\n<p>\u00cbsht\u00eb v\u00ebn\u00eb n\u00eb pranga Sk\u00ebnder Daija 30 vje\u00e7, i akuzuar p\u00ebr atentatin me silenciator ndaj Syri Mehmetaj n\u00eb 26 dhjetor t\u00eb vitit 2016, ku ky i fundit mbeti i plagosur. N\u00eb pranga ka r\u00ebn\u00eb dhe nj\u00eb shtetas tjet\u00ebr p\u00ebr p\u00ebrpkrahje t\u00eb autorit, A.\u00c7. 31 vje\u00e7.<\/p>\n<p>Ngjarja ndodhi n\u00eb dhjetor t\u00eb para 3 viteve tek rrethrrotullimi n\u00eb dalje t\u00eb unaz\u00ebs lindore t\u00eb qytetit Shkod\u00ebr, ku Daija q\u00eblloi n\u00eb makin\u00eb Mehmetajn n\u00eb prani t\u00eb gruas s\u00eb tij e cila dhe e transportoi drejt spitalit me plag\u00eb t\u00eb r\u00ebnda.<\/p>\n<p>Njoftimi i plot\u00eb:<\/p>\n<p>Kapet dhe ndalohet nj\u00eb person i shpallur n\u00eb k\u00ebrkim p\u00ebr tentativ\u00eb vrasjeje, autor i ngjarjes s\u00eb ndodhur m\u00eb dat\u00eb 26.12.2016, si dhe arrestohet nj\u00eb person tjet\u00ebr p\u00ebr p\u00ebrkrahje t\u00eb autorit t\u00eb krimit.<\/p>\n<p>Nga Strukturat e Drejtoris\u00eb Vendore t\u00eb Policis\u00eb n\u00eb baz\u00eb t\u00eb informacioneve t\u00eb marra n\u00eb rrug\u00eb operative dhe pas nj\u00eb pune t\u00eb mir\u00eborganizuar n\u00eb lagjen \u201cDaniel Matlia\u201d, Shkod\u00ebr, \u00ebsht\u00eb b\u00ebr\u00eb kapja dhe ndalimi i shtetasit n\u00eb k\u00ebrkim:<\/p>\n<p>S.D, 30 vjec, banues n\u00eb lagjen \u201c10 Korriku\u201d, Shkod\u00ebr;<\/p>\n<p>Kapja dhe ndalimi i tij u b\u00eb pasi Gjykata e Rrethit Gjyq\u00ebsor Shkod\u00ebr, n\u00eb vitin 2017, ka vendosur mas\u00ebn e siguris\u00eb \u201cArrest n\u00eb burg\u201d p\u00ebr vepr\u00ebn penale \u201cVrasje me paramendim, mbetur n\u00eb tentative\u201d dhe \u201cProdhimi dhe mbajtja pa leje e arm\u00ebve\u201d.<\/p>\n<p>Ky shtetas m\u00eb dat\u00eb 26.12.2016, tek rrethrrotullimi n\u00eb dalje t\u00eb unaz\u00ebs lindore t\u00eb qytetit Shkod\u00ebr, ka tentuar t\u00eb vras\u00eb me arm\u00eb zjarri shtetasin S.M, duke e l\u00ebn\u00eb t\u00eb plagosur r\u00ebnd\u00eb.<\/p>\n<p>Gjithashtu u arrestua n\u00eb flagranc\u00eb shtetasi A.\u00c7. 31 vje\u00e7, banues n\u00eb Shkod\u00ebr, p\u00ebr vepr\u00ebn penale \u201cP\u00ebrkrahja e autorit t\u00eb krimit\u201d.<\/p>\n<p>Materialet iu referuan Prokuroris\u00eb s\u00eb Rrethit Gjyq\u00ebsor Shkod\u00ebr p\u00ebr veprime t\u00eb m\u00ebtejshme.<\/p>\n<p>&nbsp;<\/p>","protected":false},"excerpt":{"rendered":"<p>&nbsp; \u00cbsht\u00eb v\u00ebn\u00eb n\u00eb pranga Sk\u00ebnder Daija 30 vje\u00e7, i akuzuar p\u00ebr atentatin me silenciator ndaj Syri Mehmetaj n\u00eb 26 dhjetor t\u00eb vitit 2016, ku ky i fundit mbeti i plagosur. N\u00eb pranga ka r\u00ebn\u00eb dhe nj\u00eb shtetas tjet\u00ebr p\u00ebr p\u00ebrpkrahje t\u00eb autorit, A.\u00c7. 31 vje\u00e7. Ngjarja ndodhi n\u00eb dhjetor t\u00eb para 3 viteve tek [&hellip;]<\/p>\n","protected":false},"author":2013,"featured_media":94288,"comment_status":"open","ping_status":"closed","sticky":false,"template":"","format":"standard","meta":{"footnotes":""},"categories":[241,235],"tags":[],"class_list":{"0":"post-98257","1":"post","2":"type-post","3":"status-publish","4":"format-standard","5":"has-post-thumbnail","7":"category-aktualitet","8":"category-vendi"},"_links":{"self":[{"href":"https:\/\/zjarr.tv\/en\/wp-json\/wp\/v2\/posts\/98257","targetHints":{"allow":["GET"]}}],"collection":[{"href":"https:\/\/zjarr.tv\/en\/wp-json\/wp\/v2\/posts"}],"about":[{"href":"https:\/\/zjarr.tv\/en\/wp-json\/wp\/v2\/types\/post"}],"author":[{"embeddable":true,"href":"https:\/\/zjarr.tv\/en\/wp-json\/wp\/v2\/users\/2013"}],"replies":[{"embeddable":true,"href":"https:\/\/zjarr.tv\/en\/wp-json\/wp\/v2\/comments?post=98257"}],"version-history":[{"count":0,"href":"https:\/\/zjarr.tv\/en\/wp-json\/wp\/v2\/posts\/98257\/revisions"}],"wp:featuredmedia":[{"embeddable":true,"href":"https:\/\/zjarr.tv\/en\/wp-json\/wp\/v2\/media\/94288"}],"wp:attachment":[{"href":"https:\/\/zjarr.tv\/en\/wp-json\/wp\/v2\/media?parent=98257"}],"wp:term":[{"taxonomy":"category","embeddable":true,"href":"https:\/\/zjarr.tv\/en\/wp-json\/wp\/v2\/categories?post=98257"},{"taxonomy":"post_tag","embeddable":true,"href":"https:\/\/zjarr.tv\/en\/wp-json\/wp\/v2\/tags?post=98257"}],"curies":[{"name":"wp","href":"https:\/\/api.w.org\/{rel}","templated":true}]}}