{"id":98260,"date":"2019-07-24T13:46:40","date_gmt":"2019-07-24T11:46:40","guid":{"rendered":"https:\/\/zjarr.tv\/?p=98260"},"modified":"2019-07-24T13:46:40","modified_gmt":"2019-07-24T11:46:40","slug":"rilindas-lokale-e-nderkombetar-meta-drejtesia-do-veproje","status":"publish","type":"post","link":"https:\/\/zjarr.tv\/en\/rilindas-lokale-e-nderkombetar-meta-drejtesia-do-veproje\/","title":{"rendered":"\u201cRilindas lokal\u00eb e nd\u00ebrkomb\u00ebtar\u201d, Meta: Drejt\u00ebsia do veproj\u00eb"},"content":{"rendered":"<p>N\u00eb p\u00ebrgjigje t\u00eb interesit t\u00eb gazetar\u00ebve Presidenti Ilir Meta tha se jo pa q\u00ebllim vendi \u00ebsht\u00eb l\u00ebn\u00eb pa gjykat\u00eb kushtetuese sot.<\/p>\n<p>\u201cDua t\u2019i siguroj t\u00eb gjith\u00eb se do t\u00eb veproj\u00eb drejt\u00ebsia shqiptare e nd\u00ebrkomb\u00ebtare ndaj rilind\u00ebsve lokal\u00eb e nd\u00ebrkomb\u00ebtar\u00eb q\u00eb ka l\u00ebn\u00eb vendin pa gjykat\u00eb kushtetuese. Nuk jemi rast\u00ebsisht pa Gjykat\u00eb Kushtetuese dhe fajin nuk e ka reforma, Jo. Reforma e votuar me 140 vota n\u00eb Kuvendin e Shqip\u00ebris\u00eb n\u00eb mesnat\u00ebn e 22 korrikut nuk e linte Shqip\u00ebrin\u00eb pa gjykat\u00eb.Pa gjykat\u00eb kushtetuese e la \u2018Rama-forma\u2019<\/p>\n<p>Dhe \u00ebsht\u00eb Ramaforma ajo shkat\u00ebrroi KED-n\u00eb n\u00eb 2017 dhe KED n\u00eb 2018 dhe p\u00ebrpiqet me gjith\u00eb format p\u00ebr t\u00eb kapur k\u00ebt\u00eb institucion. T\u00eb jeni t\u00eb sigurt se edhe drejt\u00ebsia shqiptare edhe drejt\u00ebsia nd\u00ebrkomb\u00ebtare \u00a0do t\u00eb veproj\u00eb nj\u00eb dit\u00eb p\u00ebr t\u00eb gjith\u00eb ata q\u00eb jan\u00eb p\u00ebrfshir\u00eb n\u00eb k\u00ebt\u00eb krim q\u00eb \u00ebsht\u00eb simbol i kapjes s\u00eb shtetit. Prishja e Teatrit \u00ebsht\u00eb nj\u00eb krim kushtetues, p\u00ebrpjekje p\u00ebr t\u00eb instaluar me dhun\u00eb \u201cRule of oligarchs\u201d. Nuk ka forc\u00eb n\u00eb Bot\u00eb q\u00eb m\u00eb ndalon mua p\u00ebr t\u00eb v\u00ebn\u00eb para drejt\u00ebsis\u00eb rilindasit q\u00eb kan\u00eb goditur reform\u00ebn p\u00ebr ti dh\u00ebn\u00eb drejt\u00ebsin\u00eb oligark\u00ebve.\u201d vijoi Meta.<\/p>\n<p>&nbsp;<\/p>","protected":false},"excerpt":{"rendered":"<p>N\u00eb p\u00ebrgjigje t\u00eb interesit t\u00eb gazetar\u00ebve Presidenti Ilir Meta tha se jo pa q\u00ebllim vendi \u00ebsht\u00eb l\u00ebn\u00eb pa gjykat\u00eb kushtetuese sot. \u201cDua t\u2019i siguroj t\u00eb gjith\u00eb se do t\u00eb veproj\u00eb drejt\u00ebsia shqiptare e nd\u00ebrkomb\u00ebtare ndaj rilind\u00ebsve lokal\u00eb e nd\u00ebrkomb\u00ebtar\u00eb q\u00eb ka l\u00ebn\u00eb vendin pa gjykat\u00eb kushtetuese. Nuk jemi rast\u00ebsisht pa Gjykat\u00eb Kushtetuese dhe fajin nuk [&hellip;]<\/p>\n","protected":false},"author":2013,"featured_media":98261,"comment_status":"open","ping_status":"closed","sticky":false,"template":"","format":"standard","meta":{"footnotes":""},"categories":[241,235],"tags":[],"class_list":{"0":"post-98260","1":"post","2":"type-post","3":"status-publish","4":"format-standard","5":"has-post-thumbnail","7":"category-aktualitet","8":"category-vendi"},"_links":{"self":[{"href":"https:\/\/zjarr.tv\/en\/wp-json\/wp\/v2\/posts\/98260","targetHints":{"allow":["GET"]}}],"collection":[{"href":"https:\/\/zjarr.tv\/en\/wp-json\/wp\/v2\/posts"}],"about":[{"href":"https:\/\/zjarr.tv\/en\/wp-json\/wp\/v2\/types\/post"}],"author":[{"embeddable":true,"href":"https:\/\/zjarr.tv\/en\/wp-json\/wp\/v2\/users\/2013"}],"replies":[{"embeddable":true,"href":"https:\/\/zjarr.tv\/en\/wp-json\/wp\/v2\/comments?post=98260"}],"version-history":[{"count":0,"href":"https:\/\/zjarr.tv\/en\/wp-json\/wp\/v2\/posts\/98260\/revisions"}],"wp:featuredmedia":[{"embeddable":true,"href":"https:\/\/zjarr.tv\/en\/wp-json\/wp\/v2\/media\/98261"}],"wp:attachment":[{"href":"https:\/\/zjarr.tv\/en\/wp-json\/wp\/v2\/media?parent=98260"}],"wp:term":[{"taxonomy":"category","embeddable":true,"href":"https:\/\/zjarr.tv\/en\/wp-json\/wp\/v2\/categories?post=98260"},{"taxonomy":"post_tag","embeddable":true,"href":"https:\/\/zjarr.tv\/en\/wp-json\/wp\/v2\/tags?post=98260"}],"curies":[{"name":"wp","href":"https:\/\/api.w.org\/{rel}","templated":true}]}}