{"id":98267,"date":"2019-07-24T14:18:33","date_gmt":"2019-07-24T12:18:33","guid":{"rendered":"https:\/\/zjarr.tv\/?p=98267"},"modified":"2019-07-24T14:18:33","modified_gmt":"2019-07-24T12:18:33","slug":"pd-rames-hajdut-legjendar-sndalet-pa-vjedhur-gjithe-shqiperine","status":"publish","type":"post","link":"https:\/\/zjarr.tv\/en\/pd-rames-hajdut-legjendar-sndalet-pa-vjedhur-gjithe-shqiperine\/","title":{"rendered":"PD-Ram\u00ebs: Hajdut legjendar, s\u2019ndalet pa vjedhur gjith\u00eb Shqip\u00ebrin\u00eb"},"content":{"rendered":"<p>&nbsp;<\/p>\n<p>Partia Demokratike i \u00ebsht\u00eb p\u00ebrgjigjur p\u00ebr sekretarit p\u00ebr C\u00ebshtjet Ligjore, \u00c7lirim Gjata deklaratave t\u00eb kryeministrit Edi Rama lidhur me prishjen e godin\u00ebs s\u00eb Teatrit Komb\u00ebtar. P\u00ebr PD, projekti per shkat\u00ebrrimin e Teatrin \u00ebsht\u00eb projekt kriminal p\u00ebr grabitjen e pasurive publike.<\/p>\n<p>\u201cProjekti per shkat\u00ebrrimin e Teatrin \u00ebsht\u00eb projekt kriminal p\u00ebr grabitjen e pasurive publike. \u00cbsht\u00eb projekt p\u00ebr pastrimin e parave t\u00eb trafikut t\u00eb drog\u00ebs dhe t\u00eb korrupsionit. \u00cbsht\u00eb projekt q\u00eb dhunon Kushtetut\u00ebn dhe ligjim. \u00cbsht\u00eb hajdut\u00ebri me ligj personal nga hajduti legjendar psiqik Edi Rama, i cili nuk ndalet po nuk vodhi gjith\u00eb Shqip\u00ebrin\u00eb. Projekti p\u00ebr shkat\u00ebrrimin e Teatrit Komb\u00ebtar \u00ebsht\u00eb projekt p\u00ebr eliminimin e trash\u00ebgimis\u00eb kulturore\u201d. \u2013 thuhet n\u00eb reagimin e Gjat\u00ebs.<\/p>\n<p>&nbsp;<\/p>","protected":false},"excerpt":{"rendered":"<p>&nbsp; Partia Demokratike i \u00ebsht\u00eb p\u00ebrgjigjur p\u00ebr sekretarit p\u00ebr C\u00ebshtjet Ligjore, \u00c7lirim Gjata deklaratave t\u00eb kryeministrit Edi Rama lidhur me prishjen e godin\u00ebs s\u00eb Teatrit Komb\u00ebtar. P\u00ebr PD, projekti per shkat\u00ebrrimin e Teatrin \u00ebsht\u00eb projekt kriminal p\u00ebr grabitjen e pasurive publike. \u201cProjekti per shkat\u00ebrrimin e Teatrin \u00ebsht\u00eb projekt kriminal p\u00ebr grabitjen e pasurive publike. \u00cbsht\u00eb [&hellip;]<\/p>\n","protected":false},"author":2013,"featured_media":0,"comment_status":"open","ping_status":"closed","sticky":false,"template":"","format":"standard","meta":{"footnotes":""},"categories":[241,235],"tags":[],"class_list":{"0":"post-98267","1":"post","2":"type-post","3":"status-publish","4":"format-standard","6":"category-aktualitet","7":"category-vendi"},"_links":{"self":[{"href":"https:\/\/zjarr.tv\/en\/wp-json\/wp\/v2\/posts\/98267","targetHints":{"allow":["GET"]}}],"collection":[{"href":"https:\/\/zjarr.tv\/en\/wp-json\/wp\/v2\/posts"}],"about":[{"href":"https:\/\/zjarr.tv\/en\/wp-json\/wp\/v2\/types\/post"}],"author":[{"embeddable":true,"href":"https:\/\/zjarr.tv\/en\/wp-json\/wp\/v2\/users\/2013"}],"replies":[{"embeddable":true,"href":"https:\/\/zjarr.tv\/en\/wp-json\/wp\/v2\/comments?post=98267"}],"version-history":[{"count":0,"href":"https:\/\/zjarr.tv\/en\/wp-json\/wp\/v2\/posts\/98267\/revisions"}],"wp:attachment":[{"href":"https:\/\/zjarr.tv\/en\/wp-json\/wp\/v2\/media?parent=98267"}],"wp:term":[{"taxonomy":"category","embeddable":true,"href":"https:\/\/zjarr.tv\/en\/wp-json\/wp\/v2\/categories?post=98267"},{"taxonomy":"post_tag","embeddable":true,"href":"https:\/\/zjarr.tv\/en\/wp-json\/wp\/v2\/tags?post=98267"}],"curies":[{"name":"wp","href":"https:\/\/api.w.org\/{rel}","templated":true}]}}