{"id":98271,"date":"2019-07-24T16:31:00","date_gmt":"2019-07-24T14:31:00","guid":{"rendered":"https:\/\/zjarr.tv\/?p=98271"},"modified":"2019-07-24T16:31:00","modified_gmt":"2019-07-24T14:31:00","slug":"gjykata-e-tiranes-qesharake-jo-kompetente-per-mandatin-e-vores-por-eshte-per-veliajn","status":"publish","type":"post","link":"https:\/\/zjarr.tv\/en\/gjykata-e-tiranes-qesharake-jo-kompetente-per-mandatin-e-vores-por-eshte-per-veliajn\/","title":{"rendered":"Gjykata e Tiran\u00ebs qesharake: Jo kompetente p\u00ebr mandatin e Vor\u00ebs, por \u00ebsht\u00eb p\u00ebr Veliajn"},"content":{"rendered":"<p>&nbsp;<\/p>\n<p>Nj\u00ebsoj si n\u00eb gjykat\u00ebn e Durr\u00ebsit edhe n\u00eb at\u00eb Tiran\u00eb, kur vjen puna p\u00ebr madatet e 30 qershorit ligji ka dy fytyra e dy standarde.<\/p>\n<p>Sot gjykata e Tiran\u00ebs ka pranuar k\u00ebrkes\u00ebn e Erion Veliajt, duke njohur mandatin e tij t\u00eb dyt\u00eb si kryetar bashkie n\u00eb kryeqytet, nd\u00ebrkoh\u00eb q\u00eb m\u00eb her\u00eb kishte shpallur mos kompetenc\u00eb p\u00ebr kryetarin e bashkis\u00eb, Vor\u00eb.<\/p>\n<p>Vendimi u shpall sot nga gjyqtari Dritan Caka.<\/p>\n<p>Pas votimeve t\u00eb 30 qershorit t\u00eb gjith\u00eb kandidat\u00ebt e PS kan\u00eb depozituar k\u00ebrkesat n\u00eb gjykat\u00eb p\u00ebr t\u00eb marr\u00eb mandatet, por ajo \u00e7\u2019ka u v\u00ebrejt fillimisht n\u00eb Durr\u00ebs dhe tani n\u00eb Tiran\u00eb \u00ebsht\u00eb se gjykatat dhan\u00eb vendime kontradiktore.<\/p>\n<p>K\u00ebshtu, m\u00eb 15 korrik Gjykata e Tiran\u00ebs shpalli moskompetenc\u00eb p\u00ebr t\u00eb dh\u00ebn\u00eb nj\u00eb vendim mbi ligjshm\u00ebrin\u00eb e mandatit t\u00eb Agim Kajmakut p\u00ebr Vor\u00ebn.<\/p>\n<p>N\u00eb vendimin e gjyqtares Ariana Gunbardhi thuhet se \u2018kjo kompetenc\u00eb i kalohet Gjykat\u00ebs Administrative\u2019.<\/p>\n<p>Nd\u00ebrsa sot e nj\u00ebjta gjykat\u00eb, pra Gjykata e Rrethit Gjyq\u00ebsor Tiran\u00eb, ka vendosur t\u00eb konfirmoj\u00eb mandatin e Erion Veliajt.<\/p>\n<p>Akoma m\u00eb i paprecedent \u00ebsht\u00eb rast i Durr\u00ebsit, ku n\u00eb vendim e par\u00eb Gjykata nuk njohu mandatin e Valbona Sakos dhe 3 dit\u00eb m\u00eb pas, Gjykata e Durr\u00ebsit ia dha mandatin Sakos pas ankimimit nga PS-ja.<\/p>\n<p>Sa p\u00ebr Kajmakun e Vor\u00ebs ende nuk \u00ebsht\u00eb marr\u00eb nj\u00eb vendim dhe nuk dihet n\u00ebse do t\u00eb shprehet s\u00ebrish Gjykata e Tiran\u00ebs (si n\u00eb rastin e Durr\u00ebsit) apo do ta shqyrtoj\u00eb Administrativja.<\/p>\n<p>&nbsp;<\/p>","protected":false},"excerpt":{"rendered":"<p>&nbsp; Nj\u00ebsoj si n\u00eb gjykat\u00ebn e Durr\u00ebsit edhe n\u00eb at\u00eb Tiran\u00eb, kur vjen puna p\u00ebr madatet e 30 qershorit ligji ka dy fytyra e dy standarde. Sot gjykata e Tiran\u00ebs ka pranuar k\u00ebrkes\u00ebn e Erion Veliajt, duke njohur mandatin e tij t\u00eb dyt\u00eb si kryetar bashkie n\u00eb kryeqytet, nd\u00ebrkoh\u00eb q\u00eb m\u00eb her\u00eb kishte shpallur mos [&hellip;]<\/p>\n","protected":false},"author":2013,"featured_media":75313,"comment_status":"open","ping_status":"closed","sticky":false,"template":"","format":"standard","meta":{"footnotes":""},"categories":[241,235],"tags":[],"class_list":{"0":"post-98271","1":"post","2":"type-post","3":"status-publish","4":"format-standard","5":"has-post-thumbnail","7":"category-aktualitet","8":"category-vendi"},"_links":{"self":[{"href":"https:\/\/zjarr.tv\/en\/wp-json\/wp\/v2\/posts\/98271","targetHints":{"allow":["GET"]}}],"collection":[{"href":"https:\/\/zjarr.tv\/en\/wp-json\/wp\/v2\/posts"}],"about":[{"href":"https:\/\/zjarr.tv\/en\/wp-json\/wp\/v2\/types\/post"}],"author":[{"embeddable":true,"href":"https:\/\/zjarr.tv\/en\/wp-json\/wp\/v2\/users\/2013"}],"replies":[{"embeddable":true,"href":"https:\/\/zjarr.tv\/en\/wp-json\/wp\/v2\/comments?post=98271"}],"version-history":[{"count":0,"href":"https:\/\/zjarr.tv\/en\/wp-json\/wp\/v2\/posts\/98271\/revisions"}],"wp:featuredmedia":[{"embeddable":true,"href":"https:\/\/zjarr.tv\/en\/wp-json\/wp\/v2\/media\/75313"}],"wp:attachment":[{"href":"https:\/\/zjarr.tv\/en\/wp-json\/wp\/v2\/media?parent=98271"}],"wp:term":[{"taxonomy":"category","embeddable":true,"href":"https:\/\/zjarr.tv\/en\/wp-json\/wp\/v2\/categories?post=98271"},{"taxonomy":"post_tag","embeddable":true,"href":"https:\/\/zjarr.tv\/en\/wp-json\/wp\/v2\/tags?post=98271"}],"curies":[{"name":"wp","href":"https:\/\/api.w.org\/{rel}","templated":true}]}}