{"id":98273,"date":"2019-07-24T16:32:14","date_gmt":"2019-07-24T14:32:14","guid":{"rendered":"https:\/\/zjarr.tv\/?p=98273"},"modified":"2019-07-24T16:32:14","modified_gmt":"2019-07-24T14:32:14","slug":"video-pergjimi-salianji-dorezon-cd-ne-anetari-i-klp-se-kerkon-te-mbuloje-perfshirjen-ne-trafik-te-agron-xhafajt","status":"publish","type":"post","link":"https:\/\/zjarr.tv\/en\/video-pergjimi-salianji-dorezon-cd-ne-anetari-i-klp-se-kerkon-te-mbuloje-perfshirjen-ne-trafik-te-agron-xhafajt\/","title":{"rendered":"VIDEO-P\u00cbRGJIMI\/ Salianji dor\u00ebzon CD-n\u00eb: An\u00ebtari i KLP-s\u00eb k\u00ebrkon t\u00eb mbuloj\u00eb p\u00ebrfshirjen n\u00eb trafik t\u00eb Agron Xhafajt"},"content":{"rendered":"<hr \/>\n<p>&nbsp;<\/p>\n<p>Ish-deputeti i Partis\u00eb Demokratike, Ervin Salianji n\u00eb nj\u00eb deklarat\u00eb p\u00ebr mediat ka k\u00ebrkuar hapjen e nj\u00eb hetimi n\u00ebn akuz\u00ebn e shp\u00ebrdorimit t\u00eb detyr\u00ebs, ndaj an\u00ebtarit t\u00eb K\u00ebshillit t\u00eb \u00a0Lart\u00eb t\u00eb Prokuroris\u00eb, Genti Osmani.<\/p>\n<p>Salianji b\u00ebn me dije se dit\u00ebn e sotme ka dor\u00ebzuar nj\u00eb CD ku provohet se prokurori, Gent Osmani ka komunikuar n\u00eb m\u00ebnyr\u00eb jo vet\u00ebm miq\u00ebsore me Alfred Alizotin, por m\u00eb pas p\u00ebrgjimi \u00ebsht\u00eb fshir\u00eb.<\/p>\n<p>Ish-deputeti thot\u00eb se n\u00eb tentativ\u00eb p\u00ebr t\u2019i shp\u00ebtuar afer\u00ebs s\u00eb trafikut nd\u00ebrkomb\u00ebtar t\u00eb drog\u00ebs \u00ebsht\u00eb kaluar n\u00eb nj\u00eb afer\u00eb t\u00eb madhe t\u00eb p\u00ebrdorimit t\u00eb Prokuroris\u00eb dhe t\u00eb instancave t\u00eb drejt\u00ebsis\u00eb p\u00ebr interesa personale.<\/p>\n<p>Deklarata e plot\u00eb e Ervin Salianjit:<\/p>\n<p>Sapo dor\u00ebzova nj\u00eb CD me t\u00eb dh\u00ebna p\u00ebrgjuese, t\u00eb b\u00ebra me vendim gjykate nga ana e prokuroris\u00eb, n\u00eb t\u00eb cilat subjekti n\u00eb rivler\u00ebsim, Gent Osmani, sot an\u00ebtar i KLP-s\u00eb, nj\u00eb prej drejtuesve t\u00eb K\u00ebshillit t\u00eb Lart\u00eb t\u00eb Prokuroris\u00eb, i cili vendos p\u00ebr em\u00ebrimin, shkarkimin apo transferimin e prokuror\u00ebve t\u00eb \u00e7do niveli, po ashtu edhe p\u00ebr krijimin e SPAK-ut, ka komunikuar n\u00eb m\u00ebnyr\u00eb jo vet\u00ebm miq\u00ebsore, por edhe duke prishur dhe fshir\u00eb nj\u00eb pjes\u00eb t\u00eb p\u00ebrgjimit, si\u00e7 duket n\u00eb p\u00ebrgjimin q\u00eb do ta b\u00ebj publike edhe p\u00ebr mediat, me shtetasin Alfred Alizoti. E ka vendosur vet\u00eb n\u00eb p\u00ebrgjim dhe ka komunikuar po k\u00ebshtu n\u00eb m\u00ebnyr\u00eb miq\u00ebsore, pa l\u00ebn\u00eb m\u00eb pas asnj\u00eb lloj procesverbali, pa pasur asnj\u00eb lloj dokumentimi t\u00eb t\u00eb gjith\u00eb situat\u00ebs s\u00eb komunikimit me t\u00eb dhe duket q\u00eb \u00ebsht\u00eb vendosur n\u00eb m\u00ebnyr\u00eb joprofesionale n\u00eb sh\u00ebrbim t\u00eb politik\u00ebs dhe padiskutim t\u00eb ish-ministrit Xhafaj, i cili e ka trysnuar p\u00ebr ta mbajtur peng n\u00eb Kolegjin e Apelimit, sepse n\u00eb KPK e ka kaluar vetingun,<\/p>\n<p>\u00cbsht\u00eb nj\u00eb rast flagrant se si nj\u00eb prokuror, n\u00eb m\u00ebnyr\u00eb joprofesionale vendoset n\u00eb sh\u00ebrbim t\u00eb politik\u00ebs, duke montuar nj\u00eb \u00e7\u00ebshtje t\u00eb caktuar. Padiskutim q\u00eb kam pasur dilema t\u00eb forta n\u00ebse duhej ta b\u00ebja publike apo jo, dhe kam pritur q\u00eb institucionet vet\u00eb, prokuroria dhe gjykatat ta \u00e7onin para organeve t\u00eb vetingut, dhe padiskutim n\u00eb t\u00eb gjitha instancat q\u00eb jan\u00eb krijuar me reform\u00ebn e re n\u00eb drejt\u00ebsi, por duke mos par\u00eb asnj\u00eb lloj reagimi, jam detyruar q\u00eb ta sjell sot dhe ta b\u00ebj publike p\u00ebr mediat, p\u00ebr t\u00eb prevaluar n\u00eb \u00e7do rast interesi publik, pavar\u00ebsisht se p\u00ebr mua, q\u00eb kam edhe formim juridik \u00ebsht\u00eb e dhimbshme se si prokuror\u00ebt e republik\u00ebs, q\u00eb paguhen me taksat e qytetar\u00ebve dhe duhet t\u00eb jen\u00eb etalon, jo vet\u00ebm n\u00eb sh\u00ebrbimin e ligjit, por edhe n\u00eb etik\u00eb, i sh\u00ebrbejn\u00eb n\u00eb m\u00ebnyr\u00eb t\u00eb verb\u00ebr, duke u vendosur n\u00eb dispozicion t\u00eb krimit dhe t\u00eb kriminel\u00ebve.<\/p>\n<p>Rikujtoj p\u00ebr publikun q\u00eb prokurori Gent Osmani ka qen\u00eb nj\u00eb prokuror jo i shortuar, nuk ka r\u00ebn\u00eb me short p\u00ebr \u00e7\u00ebshtjen p\u00ebr t\u00eb cil\u00ebn diskutojm\u00eb. Por \u00ebsht\u00eb vendosur me urdh\u00ebr t\u00eb prokurores s\u00eb krimeve t\u00eb R\u00ebnda. Pra, \u00ebsht\u00eb i vendosur dhe duket se p\u00ebr cilat arsye: p\u00ebr t\u00eb prishur dhe manipuluar nj\u00eb dosje t\u00eb trafikut t\u00eb drog\u00ebs dhe p\u00ebr ta kaluar at\u00eb n\u00eb kall\u00ebzim dhe t\u00eb rrem\u00eb dhe padyshim p\u00ebr \u00a0komunikimin p\u00ebr t\u00eb cilin do t\u00eb jeni n\u00eb dijeni pak m\u00eb von\u00eb, \u00ebsht\u00eb nj\u00eb komunikim miq\u00ebsor, \u00e7ka tregon q\u00eb kan\u00eb folur shum\u00eb koh\u00eb m\u00eb p\u00ebrpara. \u00cbsht\u00eb n\u00eb nj\u00eb situat\u00eb t\u00eb sikletshme kur e di q\u00eb e ka vendosur n\u00ebn p\u00ebrgjim, sepse e ka vendosur me firm\u00ebn e vet, komunikon me siklet dhe nuk ka guximin p\u00ebr t\u00eb mbyllur komunikimin me nj\u00eb kriminel ordiner si\u00e7 \u00ebsht\u00eb Zoti i Edi Ram\u00ebs dhe i Fatmir Xhaf\u00ebs, Alfredi Alizoti, i cili n\u00eb tentativ\u00eb p\u00ebr t\u2019i shp\u00ebtuar nga nj\u00eb afer\u00eb e madhe e trafikut nd\u00ebrkomb\u00ebtar t\u00eb drog\u00ebs, kaloi n\u00eb nj\u00eb afer\u00eb t\u00eb madhe t\u00eb p\u00ebrdorimit t\u00eb Prokuroris\u00eb dhe t\u00eb instancave t\u00eb drejt\u00ebsis\u00eb p\u00ebr interesa personale.<\/p>\n<p>K\u00ebshtu q\u00eb shpresoj dhe besoj shum\u00eb q\u00eb edhe ligj\u00ebrisht t\u00eb mos ket\u00eb asnj\u00eb justifikim, pasi e kam dor\u00ebzuar tani p\u00ebrgjimin, duke dh\u00ebn\u00eb edhe formularin e prokuroris\u00eb, meqen\u00ebse sot ka qen\u00eb edhe seanca n\u00eb KPA.<\/p>\n<p>Dhe pa diskutim q\u00eb do t\u00eb vazhdoj me \u00e7do rast t\u00eb korrupsionit n\u00eb nivelet e gjyq\u00ebsorit. Dhe nuk po sulmojm\u00eb drejt\u00ebsin\u00eb. Ne jemi p\u00ebr drejt\u00ebsi t\u00eb pavarur dhe p\u00ebr hetime. Por pa diskutim ne si opozit\u00eb dhe ne si p\u00ebrfaq\u00ebsues i qytetar\u00ebve shqiptar\u00eb, dhe sa t\u00eb jem n\u00eb politik\u00eb, do t\u00eb denoncoj \u00e7do rast t\u00eb korrupsionit n\u00eb nivele t\u00eb larta t\u00eb sistemit gjyq\u00ebsor sepse \u00ebsht\u00eb n\u00eb interes t\u00eb opinionit publik, q\u00eb cilido prej personave q\u00eb jan\u00eb t\u00eb korruptuar, pavar\u00ebsisht prej lidhjeve politike me Partin\u00eb Socialiste duhet t\u00eb flaken nga sistemi dhe n\u00eb sistemin e drejt\u00ebsis\u00eb duhet t\u00eb mbeten vet\u00ebm njer\u00ebz q\u00eb respektojn\u00eb ligjin, q\u00eb respektojn\u00eb t\u00eb drejt\u00ebn, q\u00eb respektojn\u00eb Kushtetut\u00ebn.<\/p>\n<p>N\u00eb audio-p\u00ebrgjim tregohet bashk\u00ebpunimi mes prokurorit Gent Osmani me d\u00ebshmitarin e sajuar Fredi Alizoti, p\u00ebr t\u00eb mbuluar p\u00ebrfshirjen n\u00eb trafikun e drog\u00ebs t\u00eb Agron Xhafajt, v\u00ebllai i ish-ministrit t\u00eb Brendsh\u00ebm Fatmir Xhafaj.<\/p>\n<p><strong>TRANSKRIPTI:<\/strong><\/p>\n<p>Gent Osmani: Po.<br \/>\nFredi Alizoti: P\u00ebrsh\u00ebndetje, Genti?<br \/>\nGent Osmani: Po.<br \/>\nFredi Alizoti: Fredi jam.<br \/>\nGent Osmani: Urdh\u00ebro?<br \/>\nAlizoti: Fredi, Fredi jam, Alizoti.<br \/>\nAlizoti: Si kalon.<br \/>\nAlizoti: Alo, Genti ti je?<br \/>\nGent Osmani: Po pra, un\u00eb jam. Jo Genti, por prokuror Genti, se s\u2019jam shoku jot.<br \/>\nGent Osmani: m\u00eb thuj.<br \/>\nAlizoti: Na fal,<br \/>\nGent Osmani; Fredi, je thirr nes\u00ebr n\u00eb ora 10 t\u00eb jesh tek zyrat e mia, dhe duhet t\u00eb jesh patjet\u00ebr me dokument identifikimi. Mir\u00eb?<br \/>\nAlizoti; Po mund t\u00eb takohemi n\u00eb fillim? Po pati mund\u00ebsi 5 minuta<\/p>\n<p>&nbsp;<\/p>","protected":false},"excerpt":{"rendered":"<p>&nbsp; Ish-deputeti i Partis\u00eb Demokratike, Ervin Salianji n\u00eb nj\u00eb deklarat\u00eb p\u00ebr mediat ka k\u00ebrkuar hapjen e nj\u00eb hetimi n\u00ebn akuz\u00ebn e shp\u00ebrdorimit t\u00eb detyr\u00ebs, ndaj an\u00ebtarit t\u00eb K\u00ebshillit t\u00eb \u00a0Lart\u00eb t\u00eb Prokuroris\u00eb, Genti Osmani. Salianji b\u00ebn me dije se dit\u00ebn e sotme ka dor\u00ebzuar nj\u00eb CD ku provohet se prokurori, Gent Osmani ka komunikuar n\u00eb [&hellip;]<\/p>\n","protected":false},"author":2013,"featured_media":75327,"comment_status":"open","ping_status":"closed","sticky":false,"template":"","format":"standard","meta":{"footnotes":""},"categories":[241,235],"tags":[],"class_list":{"0":"post-98273","1":"post","2":"type-post","3":"status-publish","4":"format-standard","5":"has-post-thumbnail","7":"category-aktualitet","8":"category-vendi"},"_links":{"self":[{"href":"https:\/\/zjarr.tv\/en\/wp-json\/wp\/v2\/posts\/98273","targetHints":{"allow":["GET"]}}],"collection":[{"href":"https:\/\/zjarr.tv\/en\/wp-json\/wp\/v2\/posts"}],"about":[{"href":"https:\/\/zjarr.tv\/en\/wp-json\/wp\/v2\/types\/post"}],"author":[{"embeddable":true,"href":"https:\/\/zjarr.tv\/en\/wp-json\/wp\/v2\/users\/2013"}],"replies":[{"embeddable":true,"href":"https:\/\/zjarr.tv\/en\/wp-json\/wp\/v2\/comments?post=98273"}],"version-history":[{"count":0,"href":"https:\/\/zjarr.tv\/en\/wp-json\/wp\/v2\/posts\/98273\/revisions"}],"wp:featuredmedia":[{"embeddable":true,"href":"https:\/\/zjarr.tv\/en\/wp-json\/wp\/v2\/media\/75327"}],"wp:attachment":[{"href":"https:\/\/zjarr.tv\/en\/wp-json\/wp\/v2\/media?parent=98273"}],"wp:term":[{"taxonomy":"category","embeddable":true,"href":"https:\/\/zjarr.tv\/en\/wp-json\/wp\/v2\/categories?post=98273"},{"taxonomy":"post_tag","embeddable":true,"href":"https:\/\/zjarr.tv\/en\/wp-json\/wp\/v2\/tags?post=98273"}],"curies":[{"name":"wp","href":"https:\/\/api.w.org\/{rel}","templated":true}]}}