{"id":98275,"date":"2019-07-24T16:38:35","date_gmt":"2019-07-24T14:38:35","guid":{"rendered":"https:\/\/zjarr.tv\/?p=98275"},"modified":"2019-07-24T16:38:35","modified_gmt":"2019-07-24T14:38:35","slug":"braimllari-teatri-prone-kombetare-nuk-mundet-te-shembet-ate-per-te-ndertuar-kulla-klienteliste","status":"publish","type":"post","link":"https:\/\/zjarr.tv\/en\/braimllari-teatri-prone-kombetare-nuk-mundet-te-shembet-ate-per-te-ndertuar-kulla-klienteliste\/","title":{"rendered":"Braimllari: Teatri pron\u00eb Kombetare, nuk mundet t\u00eb shembet at\u00eb p\u00ebr t\u00eb nd\u00ebrtuar kulla klienteliste"},"content":{"rendered":"<p>&nbsp;<\/p>\n<p>Teksa aktor\u00eb dhe qytetar\u00eb vijojn\u00eb rezistenc\u00ebn te Teatri Komb\u00ebtar, sekretari i p\u00ebrgjithsh\u00ebm i LSI, Endrit Braimllari e quan k\u00ebt\u00eb nj\u00eb p\u00ebrballje me nj\u00eb band\u00eb qeveritare.<\/p>\n<p>Sipas tij, Teatri \u00ebsht\u00eb pron\u00eb Kombetare dhe nuk mund t\u00eb shembet p\u00ebr t\u00eb ngritur kulla klienteliste.<\/p>\n<p>\u201cQytetaret po p\u00ebrballen me nje band\u00eb qeveritare q\u00eb p\u00ebr interesat klienteliste t\u00eb Edi Ram\u00ebs po shkat\u00ebrron kultur\u00ebn dhe artin n\u00eb vend. Teatri \u00ebsht\u00eb pron\u00eb Kombetare nuk mundet nj\u00eb hajdut dhe bandit si Edi Rama ta shemb\u00eb at\u00eb p\u00ebr t\u00eb nd\u00ebrtuar kulla klienteliste\u201d, shprehet Braimllari.<\/p>\n<p>&nbsp;<\/p>","protected":false},"excerpt":{"rendered":"<p>&nbsp; Teksa aktor\u00eb dhe qytetar\u00eb vijojn\u00eb rezistenc\u00ebn te Teatri Komb\u00ebtar, sekretari i p\u00ebrgjithsh\u00ebm i LSI, Endrit Braimllari e quan k\u00ebt\u00eb nj\u00eb p\u00ebrballje me nj\u00eb band\u00eb qeveritare. Sipas tij, Teatri \u00ebsht\u00eb pron\u00eb Kombetare dhe nuk mund t\u00eb shembet p\u00ebr t\u00eb ngritur kulla klienteliste. \u201cQytetaret po p\u00ebrballen me nje band\u00eb qeveritare q\u00eb p\u00ebr interesat klienteliste t\u00eb Edi [&hellip;]<\/p>\n","protected":false},"author":2013,"featured_media":57698,"comment_status":"open","ping_status":"closed","sticky":false,"template":"","format":"standard","meta":{"footnotes":""},"categories":[241,235],"tags":[],"class_list":{"0":"post-98275","1":"post","2":"type-post","3":"status-publish","4":"format-standard","5":"has-post-thumbnail","7":"category-aktualitet","8":"category-vendi"},"_links":{"self":[{"href":"https:\/\/zjarr.tv\/en\/wp-json\/wp\/v2\/posts\/98275","targetHints":{"allow":["GET"]}}],"collection":[{"href":"https:\/\/zjarr.tv\/en\/wp-json\/wp\/v2\/posts"}],"about":[{"href":"https:\/\/zjarr.tv\/en\/wp-json\/wp\/v2\/types\/post"}],"author":[{"embeddable":true,"href":"https:\/\/zjarr.tv\/en\/wp-json\/wp\/v2\/users\/2013"}],"replies":[{"embeddable":true,"href":"https:\/\/zjarr.tv\/en\/wp-json\/wp\/v2\/comments?post=98275"}],"version-history":[{"count":0,"href":"https:\/\/zjarr.tv\/en\/wp-json\/wp\/v2\/posts\/98275\/revisions"}],"wp:featuredmedia":[{"embeddable":true,"href":"https:\/\/zjarr.tv\/en\/wp-json\/wp\/v2\/media\/57698"}],"wp:attachment":[{"href":"https:\/\/zjarr.tv\/en\/wp-json\/wp\/v2\/media?parent=98275"}],"wp:term":[{"taxonomy":"category","embeddable":true,"href":"https:\/\/zjarr.tv\/en\/wp-json\/wp\/v2\/categories?post=98275"},{"taxonomy":"post_tag","embeddable":true,"href":"https:\/\/zjarr.tv\/en\/wp-json\/wp\/v2\/tags?post=98275"}],"curies":[{"name":"wp","href":"https:\/\/api.w.org\/{rel}","templated":true}]}}