{"id":98277,"date":"2019-07-24T16:42:27","date_gmt":"2019-07-24T14:42:27","guid":{"rendered":"https:\/\/zjarr.tv\/?p=98277"},"modified":"2019-07-24T16:42:27","modified_gmt":"2019-07-24T14:42:27","slug":"kuvendi-8-pyetje-venecias-per-meten-zbardhet-kerkesa","status":"publish","type":"post","link":"https:\/\/zjarr.tv\/en\/kuvendi-8-pyetje-venecias-per-meten-zbardhet-kerkesa\/","title":{"rendered":"Kuvendi 8 pyetje Venecias p\u00ebr Met\u00ebn, zbardhet k\u00ebrkesa"},"content":{"rendered":"<p>Kuvendi i k\u00ebrkon Komisionit t\u00eb Venecias p\u00ebrgjigjet p\u00ebr 8 pyetje n\u00eb lidhje me detyrat e kompetencat e Presidentit t\u00eb Republik\u00ebs pas procedurave q\u00eb ka nisur maxhoranca p\u00ebr shkarkimin e tij dhe ngritjen e komisionit hetimor.<br \/>\n\u201cBalkanWeb\u201d ka siguruar shkres\u00ebn e Kuvendit q\u00eb i drejtohet Komisionit t\u00eb Venecias dhe Presidentit t\u00eb saj Gianni Buquicchio p\u00ebr nj\u00eb opinion urgjent n\u00eb lidhje me Presidentin e Shqip\u00ebris\u00eb.<br \/>\nN\u00eb shkres\u00eb Kuvendi b\u00ebn nj\u00eb p\u00ebrmbledhje t\u00eb situat\u00ebs n\u00eb vend, duke nisur nga caktimi i dat\u00ebs s\u00eb zgjedhjeve nga Presidenti, q\u00ebndrimi i opozit\u00ebs e djegia e mandateve, mospjes\u00ebmarrja e PD e LSI n\u00eb zgjedhje, p\u00ebrplasjet n\u00eb KZAZ-t\u00eb n\u00eb bashkit\u00eb e drejtuara nga p\u00ebrfaq\u00ebsues t\u00eb opozit\u00ebs n\u00eb vend, 30 qershori dhe deri tek komisioni hetimor p\u00ebr shkarkimin e Kreut t\u00eb Shtetit.<br \/>\nPo k\u00ebshtu n\u00eb shkres\u00ebn e firmosur nga kreu i Kuvendit Gramoz Ru\u00e7i p\u00ebrfshihet edhe \u00e7uarja n\u00eb Kolegj e k\u00ebrkes\u00ebs p\u00ebr \u00e7regjistrim t\u00eb partis\u00eb s\u00eb Idajet Beqirit dhe vendimin e tij.<br \/>\nN\u00eb fund, kreu i Kuvendit duke iu drejtuar Presidentit t\u00eb Komisionit t\u00eb Venecias z. Buquicchio, i k\u00ebrkon nj\u00eb opinion sa m\u00eb shpejt q\u00eb t\u00eb jet\u00eb e mundur, \u2018nisur nga ndjeshm\u00ebria dhe situata ku ndodhet vendi\u2019.<br \/>\nPYETJET<br \/>\n1. Cili \u00ebsht\u00eb roli i Presidentit t\u00eb Republik\u00ebs n\u00eb regjimet parlamentare si Shqip\u00ebria, n\u00eb raport me pushtetet e shtetit sa i takon proceseve zgjedhore?<br \/>\n2. Cilat jan\u00eb detyrimet kushtetuese dhe konventore q\u00eb i imponohen Presidentit t\u00eb Republik\u00ebs n\u00eb regjimet parlamentare, si\u00e7 \u00ebsht\u00eb edhe Shqip\u00ebria, n\u00eb ushtrimin e kompetenc\u00ebs p\u00ebr caktimin e dat\u00ebs s\u00eb zgjedhjeve?<br \/>\n3. A ka kufizime n\u00eb ushtrimin e k\u00ebsaj kompetence q\u00eb rrjedhin nga e drejta demokratike e zgjedh\u00ebsve p\u00ebr ta ushtruar k\u00ebt\u00eb t\u00eb drejt\u00eb sipas marr\u00ebveshjes kushtetuese, me siguri dhe parashikueshm\u00ebri?<br \/>\n4. Kompetenca e Presidentit t\u00eb Republik\u00ebs p\u00ebr caktimin e dat\u00ebs s\u00eb zgjedhjeve, \u00ebsht\u00eb nj\u00eb e drejt\u00eb e tij p\u00ebr t\u00eb vendosur ushtrimin e sovranitetit t\u00eb popullit, apo nj\u00eb detyrim i tij p\u00ebr t\u00eb garantuar cil\u00ebsisht ushtrimin e sovranitetit popullor n\u00ebp\u00ebrmjet zgjedhjes s\u00eb p\u00ebrfaq\u00ebsuesve t\u00eb tij, brenda kufizimeve q\u00eb sovrani ka vendosur n\u00ebp\u00ebrmjet Kushtetut\u00ebs s\u00eb miratuar prej tij?<br \/>\n5. N\u00ebse Presidenti i Republik\u00ebs, pasi e ka caktuar dat\u00ebn e zgjedhjeve dhe organet e administrimit t\u00eb zgjedhjeve jan\u00eb duke kryer veprimet sipas ligjit, e anulon dhe cakton nj\u00eb dat\u00eb tjet\u00ebr, a kemi cenim t\u00eb parimeve t\u00eb s\u00eb drejt\u00ebs p\u00ebr t\u00eb zgjedhur dhe t\u00eb siguris\u00eb kushtetuese, n\u00eb funksion t\u00eb respektimi t\u00eb shtetit t\u00eb s\u00eb drejt\u00ebs?<br \/>\n6. N\u00eb rastin e m\u00ebsip\u00ebrm, a kemi nd\u00ebrhyrje t\u00eb Presidentit t\u00eb Republik\u00ebs n\u00eb procesin zgjedhor, duke cenuar t\u00eb drejt\u00ebn e subjekteve zgjedhore p\u00ebr t\u00eb konkurruar n\u00eb m\u00ebnyr\u00eb t\u00eb barabart\u00eb dhe t\u00eb lir\u00eb?<br \/>\n7. Nisur nga parimi se qeverisja duhet t\u00eb dal\u00eb nga nj\u00eb sistem zgjedhjesh periodike, q\u00eb mbahen \u00e7do kat\u00ebr vjet, nxjerrja e Dekretit t\u00eb Presidentit q\u00eb anulon dat\u00ebn 30 qershor 2019 si dat\u00eb t\u00eb mbajtjes s\u00eb zgjedhjeve vendore dhe q\u00eb zgjat q\u00ebndrimin n\u00eb detyr\u00eb t\u00eb p\u00ebrfaq\u00ebsuesve n\u00eb k\u00ebshilla bashkiak\u00eb dhe kryetar\u00ebve t\u00eb bashkive, tej mandatit kat\u00ebr vje\u00e7ar, a e respekton parimin e periodicitetit t\u00eb zgjedhjeve?<br \/>\n8. Duke patur parasysh se ndryshimi i dat\u00ebs s\u00eb zgjedhjes ndikon tek pritshm\u00ebrit\u00eb ligjore p\u00ebr subjektet zgjedhore dhe zgjedh\u00ebsit, a konsiderohet se cenohet siguria juridike n\u00eb k\u00ebto raste?<br \/>\nA \u00ebsht\u00eb i lidhur cenimi i siguris\u00eb juridike me pasojat q\u00eb vijn\u00eb apo mjafton shkelja e parashikimeve kushtetuese dhe cenimi konsiderohet i kryer?<\/p>","protected":false},"excerpt":{"rendered":"<p>Kuvendi i k\u00ebrkon Komisionit t\u00eb Venecias p\u00ebrgjigjet p\u00ebr 8 pyetje n\u00eb lidhje me detyrat e kompetencat e Presidentit t\u00eb Republik\u00ebs pas procedurave q\u00eb ka nisur maxhoranca p\u00ebr shkarkimin e tij dhe ngritjen e komisionit hetimor. \u201cBalkanWeb\u201d ka siguruar shkres\u00ebn e Kuvendit q\u00eb i drejtohet Komisionit t\u00eb Venecias dhe Presidentit t\u00eb saj Gianni Buquicchio p\u00ebr nj\u00eb [&hellip;]<\/p>\n","protected":false},"author":2013,"featured_media":98278,"comment_status":"open","ping_status":"closed","sticky":false,"template":"","format":"standard","meta":{"footnotes":""},"categories":[241,235],"tags":[],"class_list":{"0":"post-98277","1":"post","2":"type-post","3":"status-publish","4":"format-standard","5":"has-post-thumbnail","7":"category-aktualitet","8":"category-vendi"},"_links":{"self":[{"href":"https:\/\/zjarr.tv\/en\/wp-json\/wp\/v2\/posts\/98277","targetHints":{"allow":["GET"]}}],"collection":[{"href":"https:\/\/zjarr.tv\/en\/wp-json\/wp\/v2\/posts"}],"about":[{"href":"https:\/\/zjarr.tv\/en\/wp-json\/wp\/v2\/types\/post"}],"author":[{"embeddable":true,"href":"https:\/\/zjarr.tv\/en\/wp-json\/wp\/v2\/users\/2013"}],"replies":[{"embeddable":true,"href":"https:\/\/zjarr.tv\/en\/wp-json\/wp\/v2\/comments?post=98277"}],"version-history":[{"count":0,"href":"https:\/\/zjarr.tv\/en\/wp-json\/wp\/v2\/posts\/98277\/revisions"}],"wp:featuredmedia":[{"embeddable":true,"href":"https:\/\/zjarr.tv\/en\/wp-json\/wp\/v2\/media\/98278"}],"wp:attachment":[{"href":"https:\/\/zjarr.tv\/en\/wp-json\/wp\/v2\/media?parent=98277"}],"wp:term":[{"taxonomy":"category","embeddable":true,"href":"https:\/\/zjarr.tv\/en\/wp-json\/wp\/v2\/categories?post=98277"},{"taxonomy":"post_tag","embeddable":true,"href":"https:\/\/zjarr.tv\/en\/wp-json\/wp\/v2\/tags?post=98277"}],"curies":[{"name":"wp","href":"https:\/\/api.w.org\/{rel}","templated":true}]}}