{"id":98288,"date":"2019-07-24T16:47:54","date_gmt":"2019-07-24T14:47:54","guid":{"rendered":"https:\/\/zjarr.tv\/?p=98288"},"modified":"2019-07-24T16:47:54","modified_gmt":"2019-07-24T14:47:54","slug":"perdoren-fenelina-policie-ndeshkohen-5-drejtues-mjetesh-ne-lezhe","status":"publish","type":"post","link":"https:\/\/zjarr.tv\/en\/perdoren-fenelina-policie-ndeshkohen-5-drejtues-mjetesh-ne-lezhe\/","title":{"rendered":"P\u00ebrdor\u00ebn fenelina policie, nd\u00ebshkohen 5 drejtues mjetesh n\u00eb Lezh\u00eb"},"content":{"rendered":"<p>&nbsp;<\/p>\n<p>Policia rrugore e Lezh\u00ebs ka nd\u00ebshkuar 5 drejtues mjetesh p\u00ebr p\u00ebrdorim t\u00eb \u00a0fenelinave t\u00eb Policis\u00eb. Gjithashtu \u00ebsht\u00eb nd\u00ebshkuar edhe nj\u00eb tjet\u00ebr drejtues p\u00ebr p\u00ebrdorim t\u00eb logos&#8221;Hetimi Tatimor&#8221;.<\/p>\n<p><em>&#8220;Nga punonj\u00ebsit e Policis\u00eb Rrugore n\u00eb Qarkun Lezh\u00eb jan\u00eb marr\u00eb masa Administrative p\u00ebr nenin 175\/4 t\u00eb Kodit Rrugor, q\u00eb \u00a0 parashikon heqjen e Lejes s\u00eb Drejtimit nga 6-12 muaj p\u00ebr 6 drejtues automjetesh, \u00a0pasi jan\u00eb konstatuar se gjat\u00eb drejtimit t\u00eb mjetit kan\u00eb pasur n\u00eb p\u00ebrdorim fenelin\u00eb Policie dhe logo t\u00eb &#8220;Hetimit Tatimor&#8221;,&#8221;<\/em>-raportojn\u00eb uniformat blu.<\/p>\n<p>Policia Rrugore e Lezh\u00ebs vijon kontrollet me q\u00ebllim rritjen e parametrave t\u00eb siguris\u00eb n\u00eb rruge si dhe evidentimin e shkel\u00ebsve t\u00eb Kodit Rrugor.<\/p>\n<p>&nbsp;<\/p>","protected":false},"excerpt":{"rendered":"<p>&nbsp; Policia rrugore e Lezh\u00ebs ka nd\u00ebshkuar 5 drejtues mjetesh p\u00ebr p\u00ebrdorim t\u00eb \u00a0fenelinave t\u00eb Policis\u00eb. Gjithashtu \u00ebsht\u00eb nd\u00ebshkuar edhe nj\u00eb tjet\u00ebr drejtues p\u00ebr p\u00ebrdorim t\u00eb logos&#8221;Hetimi Tatimor&#8221;. &#8220;Nga punonj\u00ebsit e Policis\u00eb Rrugore n\u00eb Qarkun Lezh\u00eb jan\u00eb marr\u00eb masa Administrative p\u00ebr nenin 175\/4 t\u00eb Kodit Rrugor, q\u00eb \u00a0 parashikon heqjen e Lejes s\u00eb Drejtimit nga [&hellip;]<\/p>\n","protected":false},"author":2013,"featured_media":98289,"comment_status":"open","ping_status":"closed","sticky":false,"template":"","format":"standard","meta":{"footnotes":""},"categories":[241,235],"tags":[],"class_list":{"0":"post-98288","1":"post","2":"type-post","3":"status-publish","4":"format-standard","5":"has-post-thumbnail","7":"category-aktualitet","8":"category-vendi"},"_links":{"self":[{"href":"https:\/\/zjarr.tv\/en\/wp-json\/wp\/v2\/posts\/98288","targetHints":{"allow":["GET"]}}],"collection":[{"href":"https:\/\/zjarr.tv\/en\/wp-json\/wp\/v2\/posts"}],"about":[{"href":"https:\/\/zjarr.tv\/en\/wp-json\/wp\/v2\/types\/post"}],"author":[{"embeddable":true,"href":"https:\/\/zjarr.tv\/en\/wp-json\/wp\/v2\/users\/2013"}],"replies":[{"embeddable":true,"href":"https:\/\/zjarr.tv\/en\/wp-json\/wp\/v2\/comments?post=98288"}],"version-history":[{"count":0,"href":"https:\/\/zjarr.tv\/en\/wp-json\/wp\/v2\/posts\/98288\/revisions"}],"wp:featuredmedia":[{"embeddable":true,"href":"https:\/\/zjarr.tv\/en\/wp-json\/wp\/v2\/media\/98289"}],"wp:attachment":[{"href":"https:\/\/zjarr.tv\/en\/wp-json\/wp\/v2\/media?parent=98288"}],"wp:term":[{"taxonomy":"category","embeddable":true,"href":"https:\/\/zjarr.tv\/en\/wp-json\/wp\/v2\/categories?post=98288"},{"taxonomy":"post_tag","embeddable":true,"href":"https:\/\/zjarr.tv\/en\/wp-json\/wp\/v2\/tags?post=98288"}],"curies":[{"name":"wp","href":"https:\/\/api.w.org\/{rel}","templated":true}]}}