{"id":98291,"date":"2019-07-24T17:36:28","date_gmt":"2019-07-24T15:36:28","guid":{"rendered":"https:\/\/zjarr.tv\/?p=98291"},"modified":"2019-07-24T17:36:28","modified_gmt":"2019-07-24T15:36:28","slug":"rama-kerkon-te-fshehe-dhunen-largon-median-nga-teatri-kombetar","status":"publish","type":"post","link":"https:\/\/zjarr.tv\/en\/rama-kerkon-te-fshehe-dhunen-largon-median-nga-teatri-kombetar\/","title":{"rendered":"Rama k\u00ebrkon t\u00eb fsheh\u00eb dhun\u00ebn\/ Largon median nga Teatri Komb\u00ebtar"},"content":{"rendered":"<p>&nbsp;<\/p>\n<p>Forca t\u00eb shumta policore kan\u00eb rrethuar gjat\u00eb pasdites Teatrin Komb\u00ebtar. Policia ka vendosur nj\u00eb gardh metalik p\u00ebrgjat\u00eb gjith\u00eb perimetrit t\u00eb hyrjes p\u00ebr n\u00eb nd\u00ebrtes\u00ebn e Teatrit dhe nuk lejon asnjeri t\u00eb afrohet n\u00eb oborr dhe as t\u00eb futet brenda.<\/p>\n<p>Madje media \u00ebsht\u00eb larguar forc\u00ebrisht nga oborri mes Teatrit Komb\u00ebtar dhe Ministris\u00eb s\u00eb Brendshme.<\/p>\n<p>Kjo \u00ebsht\u00eb l\u00ebvizja e rradh\u00ebs e mister 15%, kryeministrit Edi Rama, i cili k\u00ebrkon q\u00eb dhun\u00ebn shtet\u00ebrore k\u00ebrkon ta b\u00ebj\u00eb jasht\u00eb syrit t\u00eb mediave.<\/p>\n<p>Si\u00e7 shihet edhe n\u00eb fotot e m\u00ebposhtme, policia ka mbyllur \u00e7do rrug\u00eb q\u00eb t\u00eb \u00e7on drejt Teatrit Komb\u00ebtar.<\/p>\n<p>&nbsp;<\/p>","protected":false},"excerpt":{"rendered":"<p>&nbsp; Forca t\u00eb shumta policore kan\u00eb rrethuar gjat\u00eb pasdites Teatrin Komb\u00ebtar. Policia ka vendosur nj\u00eb gardh metalik p\u00ebrgjat\u00eb gjith\u00eb perimetrit t\u00eb hyrjes p\u00ebr n\u00eb nd\u00ebrtes\u00ebn e Teatrit dhe nuk lejon asnjeri t\u00eb afrohet n\u00eb oborr dhe as t\u00eb futet brenda. Madje media \u00ebsht\u00eb larguar forc\u00ebrisht nga oborri mes Teatrit Komb\u00ebtar dhe Ministris\u00eb s\u00eb Brendshme. Kjo [&hellip;]<\/p>\n","protected":false},"author":2013,"featured_media":98292,"comment_status":"open","ping_status":"closed","sticky":false,"template":"","format":"standard","meta":{"footnotes":""},"categories":[241,235],"tags":[],"class_list":{"0":"post-98291","1":"post","2":"type-post","3":"status-publish","4":"format-standard","5":"has-post-thumbnail","7":"category-aktualitet","8":"category-vendi"},"_links":{"self":[{"href":"https:\/\/zjarr.tv\/en\/wp-json\/wp\/v2\/posts\/98291","targetHints":{"allow":["GET"]}}],"collection":[{"href":"https:\/\/zjarr.tv\/en\/wp-json\/wp\/v2\/posts"}],"about":[{"href":"https:\/\/zjarr.tv\/en\/wp-json\/wp\/v2\/types\/post"}],"author":[{"embeddable":true,"href":"https:\/\/zjarr.tv\/en\/wp-json\/wp\/v2\/users\/2013"}],"replies":[{"embeddable":true,"href":"https:\/\/zjarr.tv\/en\/wp-json\/wp\/v2\/comments?post=98291"}],"version-history":[{"count":0,"href":"https:\/\/zjarr.tv\/en\/wp-json\/wp\/v2\/posts\/98291\/revisions"}],"wp:featuredmedia":[{"embeddable":true,"href":"https:\/\/zjarr.tv\/en\/wp-json\/wp\/v2\/media\/98292"}],"wp:attachment":[{"href":"https:\/\/zjarr.tv\/en\/wp-json\/wp\/v2\/media?parent=98291"}],"wp:term":[{"taxonomy":"category","embeddable":true,"href":"https:\/\/zjarr.tv\/en\/wp-json\/wp\/v2\/categories?post=98291"},{"taxonomy":"post_tag","embeddable":true,"href":"https:\/\/zjarr.tv\/en\/wp-json\/wp\/v2\/tags?post=98291"}],"curies":[{"name":"wp","href":"https:\/\/api.w.org\/{rel}","templated":true}]}}