{"id":98294,"date":"2019-07-24T17:37:49","date_gmt":"2019-07-24T15:37:49","guid":{"rendered":"https:\/\/zjarr.tv\/?p=98294"},"modified":"2019-07-24T17:37:49","modified_gmt":"2019-07-24T15:37:49","slug":"mos-me-prek-me-dore-eshte-prone-publike-cpo-ndodh-tek-teatri","status":"publish","type":"post","link":"https:\/\/zjarr.tv\/en\/mos-me-prek-me-dore-eshte-prone-publike-cpo-ndodh-tek-teatri\/","title":{"rendered":"\u201cMos m\u00eb prek m\u00eb dor\u00eb, \u00ebsht\u00eb pron\u00eb publike\u201d, \u00e7\u2019po ndodh tek Teatri"},"content":{"rendered":"<p>&nbsp;<\/p>\n<p>ituat\u00eb e tensionuar tek Teatri Komb\u00ebtar. Ish-deputeti demokrat Agron Shehaj \u00ebsht\u00eb p\u00ebrplasur me policin\u00eb, pasi nuk e ka lejuar t\u00eb futet. N\u00eb videon e publikuar nga Partia Demokratike ai shihet teksa iu k\u00ebrkon polic\u00ebve q\u00eb p\u00ebrpiqen ta largojn\u00eb t\u00eb mos e prekin me dor\u00eb pasi \u00ebsht\u00eb n\u00eb nj\u00eb pron\u00eb publike dhe jo shtet\u00ebrore.<\/p>\n<p>Policia nuk ka lejuar as mediat. PD deklaron se forca t\u00eb shumta policore kan\u00eb rrethuar gjat\u00eb pasdites Teatrin Komb\u00ebtar.<\/p>\n<p>\u201cPolicia ka vendosur nj\u00eb gardh metalik p\u00ebrgjat\u00eb gjith\u00eb perimetrit t\u00eb hyrjes p\u00ebr n\u00eb nd\u00ebrtes\u00ebn e Teatrit dhe nuk lejon asnjeri t\u00eb afrohet n\u00eb oborr dhe as t\u00eb futet brenda. Madje media \u00ebsht\u00eb larguar si\u00e7 duket edhe n\u00eb videon e publikuar n\u00eb FB forc\u00ebrisht nga oborri mes Teatrit Komb\u00ebtar dhe Ministris\u00eb s\u00eb Brendshme\u201d, njofton PD.<\/p>\n<p>Sipas PD, punonj\u00ebsit me uniform\u00ebn e policis\u00eb kan\u00eb ndaluar me forc\u00eb edhe p\u00ebrfaq\u00ebsuesit e opozit\u00ebs q\u00eb t\u00eb futen n\u00eb ambientet e brendshme t\u00eb Teatrit ku jan\u00eb ngujuar artist\u00eb dhe qytetar\u00eb.<br \/>\n\u201cGjat\u00eb k\u00ebtij operacioni policor ndaj artit, nuk \u00ebsht\u00eb kursyer edhe dhuna ndaj qytetar\u00ebve dhe ish-deputet\u00ebve t\u00eb opozit\u00ebs t\u00eb cil\u00ebt kan\u00eb t\u00eb drejt\u00eb t\u00eb futen n\u00eb nj\u00eb hap\u00ebsir\u00eb publike si\u00e7 \u00ebsht\u00eb teatri. N\u00eb pamjet e publikuara duket qart\u00eb sesi policia ka tejkaluar \u00e7do kompetenc\u00eb duke penguar qytetar\u00ebt dhe p\u00ebrfaq\u00ebsuesit e opozit\u00ebs t\u00eb ushtrojn\u00eb t\u00eb drejt\u00ebn e tyre kushtetuese\u201d, deklaron PD.<\/p>\n<p>&nbsp;<\/p>","protected":false},"excerpt":{"rendered":"<p>&nbsp; ituat\u00eb e tensionuar tek Teatri Komb\u00ebtar. Ish-deputeti demokrat Agron Shehaj \u00ebsht\u00eb p\u00ebrplasur me policin\u00eb, pasi nuk e ka lejuar t\u00eb futet. N\u00eb videon e publikuar nga Partia Demokratike ai shihet teksa iu k\u00ebrkon polic\u00ebve q\u00eb p\u00ebrpiqen ta largojn\u00eb t\u00eb mos e prekin me dor\u00eb pasi \u00ebsht\u00eb n\u00eb nj\u00eb pron\u00eb publike dhe jo shtet\u00ebrore. Policia [&hellip;]<\/p>\n","protected":false},"author":2013,"featured_media":98295,"comment_status":"open","ping_status":"closed","sticky":false,"template":"","format":"standard","meta":{"footnotes":""},"categories":[241,235],"tags":[],"class_list":{"0":"post-98294","1":"post","2":"type-post","3":"status-publish","4":"format-standard","5":"has-post-thumbnail","7":"category-aktualitet","8":"category-vendi"},"_links":{"self":[{"href":"https:\/\/zjarr.tv\/en\/wp-json\/wp\/v2\/posts\/98294","targetHints":{"allow":["GET"]}}],"collection":[{"href":"https:\/\/zjarr.tv\/en\/wp-json\/wp\/v2\/posts"}],"about":[{"href":"https:\/\/zjarr.tv\/en\/wp-json\/wp\/v2\/types\/post"}],"author":[{"embeddable":true,"href":"https:\/\/zjarr.tv\/en\/wp-json\/wp\/v2\/users\/2013"}],"replies":[{"embeddable":true,"href":"https:\/\/zjarr.tv\/en\/wp-json\/wp\/v2\/comments?post=98294"}],"version-history":[{"count":0,"href":"https:\/\/zjarr.tv\/en\/wp-json\/wp\/v2\/posts\/98294\/revisions"}],"wp:featuredmedia":[{"embeddable":true,"href":"https:\/\/zjarr.tv\/en\/wp-json\/wp\/v2\/media\/98295"}],"wp:attachment":[{"href":"https:\/\/zjarr.tv\/en\/wp-json\/wp\/v2\/media?parent=98294"}],"wp:term":[{"taxonomy":"category","embeddable":true,"href":"https:\/\/zjarr.tv\/en\/wp-json\/wp\/v2\/categories?post=98294"},{"taxonomy":"post_tag","embeddable":true,"href":"https:\/\/zjarr.tv\/en\/wp-json\/wp\/v2\/tags?post=98294"}],"curies":[{"name":"wp","href":"https:\/\/api.w.org\/{rel}","templated":true}]}}