{"id":98432,"date":"2019-07-25T12:33:08","date_gmt":"2019-07-25T10:33:08","guid":{"rendered":"https:\/\/zjarr.tv\/?p=98432"},"modified":"2019-07-25T12:33:08","modified_gmt":"2019-07-25T10:33:08","slug":"basha-edi-rama-nje-hajdut-psiqik-cdo-qindarke-e-vjedhur-do-te-gjurmohet-nga-qeveria-e-pd","status":"publish","type":"post","link":"https:\/\/zjarr.tv\/en\/basha-edi-rama-nje-hajdut-psiqik-cdo-qindarke-e-vjedhur-do-te-gjurmohet-nga-qeveria-e-pd\/","title":{"rendered":"Basha: Edi Rama nj\u00eb hajdut psiqik, \u00e7do qindark\u00eb e vjedhur, do t\u00eb gjurmohet nga qeveria e PD"},"content":{"rendered":"<p>&nbsp;<\/p>\n<p>Kreu demokrat Basha ka folur pas daljes nga Prokuroria e Krimeve t\u00eb r\u00ebnd\u00eb ku deshmoir per ceshtjne\u00a0 parave te Toyota Yaris.<\/p>\n<p>Ai nd\u00ebr t\u00eb tjera tha s\u00eb Morali i vet\u00ebm i Edi Ram\u00ebs \u00ebsht\u00eb paraja. \u00c7do qindark\u00eb e vjedhur, do t\u00eb gjurmohet nga qeveria e PD<\/p>\n<p>Edi Rama \u00ebsht\u00eb nj\u00eb hajdut psiqik q\u00eb ka vet\u00ebm nj\u00eb ideal, nj\u00eb aspirat\u00eb, nj\u00eb moral: paran\u00eb. P\u00ebr para po grabit dhe shet gjith\u00eb Shqip\u00ebrin\u00eb. P\u00ebr para b\u00ebn aleanc\u00eb me krimin dhe me \u00e7do k\u00ebnd.<\/p>\n<p>Ne do ta ndalim. Ne do t\u00eb ndjekim dhe gjurmojm\u00eb \u00e7do qindark\u00eb q\u00eb Edi Rama dhe kriminelet po mundohen t\u00eb futin n\u00eb ekonomi.<\/p>\n<p>\u00c7do koncesion, \u00e7do nd\u00ebrtim, \u00e7do kontrat\u00eb do t\u00eb gjurmohet p\u00ebr \u00e7do qindarke, si p\u00ebr ata q\u00eb e kan\u00eb dh\u00ebn\u00eb edhe ata q\u00eb e kan\u00eb marr\u00eb.<\/p>\n<p>Lufta kund\u00ebr pastrimit t\u00eb parave do jet\u00eb prioritet komb\u00ebtar.<\/p>\n<p>&nbsp;<\/p>\n<p>&nbsp;<\/p>\n<p>&nbsp;<\/p>\n<p>&nbsp;<\/p>\n<p>&nbsp;<\/p>","protected":false},"excerpt":{"rendered":"<p>&nbsp; Kreu demokrat Basha ka folur pas daljes nga Prokuroria e Krimeve t\u00eb r\u00ebnd\u00eb ku deshmoir per ceshtjne\u00a0 parave te Toyota Yaris. Ai nd\u00ebr t\u00eb tjera tha s\u00eb Morali i vet\u00ebm i Edi Ram\u00ebs \u00ebsht\u00eb paraja. \u00c7do qindark\u00eb e vjedhur, do t\u00eb gjurmohet nga qeveria e PD Edi Rama \u00ebsht\u00eb nj\u00eb hajdut psiqik q\u00eb ka [&hellip;]<\/p>\n","protected":false},"author":2013,"featured_media":98428,"comment_status":"open","ping_status":"closed","sticky":false,"template":"","format":"standard","meta":{"footnotes":""},"categories":[241,235],"tags":[],"class_list":{"0":"post-98432","1":"post","2":"type-post","3":"status-publish","4":"format-standard","5":"has-post-thumbnail","7":"category-aktualitet","8":"category-vendi"},"_links":{"self":[{"href":"https:\/\/zjarr.tv\/en\/wp-json\/wp\/v2\/posts\/98432","targetHints":{"allow":["GET"]}}],"collection":[{"href":"https:\/\/zjarr.tv\/en\/wp-json\/wp\/v2\/posts"}],"about":[{"href":"https:\/\/zjarr.tv\/en\/wp-json\/wp\/v2\/types\/post"}],"author":[{"embeddable":true,"href":"https:\/\/zjarr.tv\/en\/wp-json\/wp\/v2\/users\/2013"}],"replies":[{"embeddable":true,"href":"https:\/\/zjarr.tv\/en\/wp-json\/wp\/v2\/comments?post=98432"}],"version-history":[{"count":0,"href":"https:\/\/zjarr.tv\/en\/wp-json\/wp\/v2\/posts\/98432\/revisions"}],"wp:featuredmedia":[{"embeddable":true,"href":"https:\/\/zjarr.tv\/en\/wp-json\/wp\/v2\/media\/98428"}],"wp:attachment":[{"href":"https:\/\/zjarr.tv\/en\/wp-json\/wp\/v2\/media?parent=98432"}],"wp:term":[{"taxonomy":"category","embeddable":true,"href":"https:\/\/zjarr.tv\/en\/wp-json\/wp\/v2\/categories?post=98432"},{"taxonomy":"post_tag","embeddable":true,"href":"https:\/\/zjarr.tv\/en\/wp-json\/wp\/v2\/tags?post=98432"}],"curies":[{"name":"wp","href":"https:\/\/api.w.org\/{rel}","templated":true}]}}