{"id":98442,"date":"2019-07-25T12:40:56","date_gmt":"2019-07-25T10:40:56","guid":{"rendered":"https:\/\/zjarr.tv\/?p=98442"},"modified":"2019-07-25T12:40:56","modified_gmt":"2019-07-25T10:40:56","slug":"sekretari-i-pergjithshem-i-osbe-gati-te-ofrojme-mbeshtjetje-por-ska-zgjidhja-te-qendrueshme-pa-gjitheperfshirje","status":"publish","type":"post","link":"https:\/\/zjarr.tv\/en\/sekretari-i-pergjithshem-i-osbe-gati-te-ofrojme-mbeshtjetje-por-ska-zgjidhja-te-qendrueshme-pa-gjitheperfshirje\/","title":{"rendered":"Sekretari i P\u00ebrgjithsh\u00ebm i OSBE: Gati t\u00eb ofrojm\u00eb mb\u00ebshtjetje, por s&#8217;ka zgjidhja t\u00eb q\u00ebndrueshme pa gjith\u00ebp\u00ebrfshirje"},"content":{"rendered":"<p>&nbsp;<\/p>\n<p>A do tentohet t\u00eb sheshohet kriz\u00eb politike p\u00ebrpara se Shqip\u00ebria t\u00eb marr\u00eb presidenc\u00ebn e radh\u00ebs 2020. N\u00ebse jo a do t\u00eb ndikoj\u00eb kjo kriz\u00eb?<\/p>\n<p>Sekretari i P\u00ebrgjithsh\u00ebm t\u00eb OSBE-s\u00eb, Thomas Greminger thot\u00eb se OSBE \u00ebsht\u00eb \u00a0gati pr\u00eb t\u00eb ofruar mb\u00ebshtetje p\u00ebr zgjidhjen e kriz\u00ebs por zgjidhja duhet vij\u00eb p\u00ebrmes dialogut gjith\u00ebp\u00ebrfshir\u00ebs dhe t\u00eb brendsh\u00ebm.<\/p>\n<p>Zoti Greminger ndodhet n\u00eb Tiran\u00eb n\u00eb kuad\u00ebr t\u00eb nj\u00eb vizite zyrtare dhe n\u00eb ambientet e Ministris\u00eb p\u00ebr Evrop\u00ebn dhe Pun\u00ebt e Jashtme u mbajt nj\u00eb konferenc\u00eb e p\u00ebrbashk\u00ebt me ministrin n\u00eb detyr\u00eb Gent Cakaj.<\/p>\n<p>&#8220;OSBE \u00ebsht\u00eb gati p\u00ebr t\u00eb ofruar mb\u00ebshtetje por qart\u00ebsisht asnj\u00eb zgjidhje nuk mund t\u00eb jet\u00eb e q\u00ebndrueshme n\u00ebse nuk p\u00ebrfshihen t\u00eb gjith\u00eb aktor\u00ebt politik\u00eb&#8221;<\/p>\n<p>&nbsp;<\/p>","protected":false},"excerpt":{"rendered":"<p>&nbsp; A do tentohet t\u00eb sheshohet kriz\u00eb politike p\u00ebrpara se Shqip\u00ebria t\u00eb marr\u00eb presidenc\u00ebn e radh\u00ebs 2020. N\u00ebse jo a do t\u00eb ndikoj\u00eb kjo kriz\u00eb? Sekretari i P\u00ebrgjithsh\u00ebm t\u00eb OSBE-s\u00eb, Thomas Greminger thot\u00eb se OSBE \u00ebsht\u00eb \u00a0gati pr\u00eb t\u00eb ofruar mb\u00ebshtetje p\u00ebr zgjidhjen e kriz\u00ebs por zgjidhja duhet vij\u00eb p\u00ebrmes dialogut gjith\u00ebp\u00ebrfshir\u00ebs dhe t\u00eb brendsh\u00ebm. [&hellip;]<\/p>\n","protected":false},"author":2013,"featured_media":98443,"comment_status":"open","ping_status":"closed","sticky":false,"template":"","format":"standard","meta":{"footnotes":""},"categories":[241,235],"tags":[],"class_list":{"0":"post-98442","1":"post","2":"type-post","3":"status-publish","4":"format-standard","5":"has-post-thumbnail","7":"category-aktualitet","8":"category-vendi"},"_links":{"self":[{"href":"https:\/\/zjarr.tv\/en\/wp-json\/wp\/v2\/posts\/98442","targetHints":{"allow":["GET"]}}],"collection":[{"href":"https:\/\/zjarr.tv\/en\/wp-json\/wp\/v2\/posts"}],"about":[{"href":"https:\/\/zjarr.tv\/en\/wp-json\/wp\/v2\/types\/post"}],"author":[{"embeddable":true,"href":"https:\/\/zjarr.tv\/en\/wp-json\/wp\/v2\/users\/2013"}],"replies":[{"embeddable":true,"href":"https:\/\/zjarr.tv\/en\/wp-json\/wp\/v2\/comments?post=98442"}],"version-history":[{"count":0,"href":"https:\/\/zjarr.tv\/en\/wp-json\/wp\/v2\/posts\/98442\/revisions"}],"wp:featuredmedia":[{"embeddable":true,"href":"https:\/\/zjarr.tv\/en\/wp-json\/wp\/v2\/media\/98443"}],"wp:attachment":[{"href":"https:\/\/zjarr.tv\/en\/wp-json\/wp\/v2\/media?parent=98442"}],"wp:term":[{"taxonomy":"category","embeddable":true,"href":"https:\/\/zjarr.tv\/en\/wp-json\/wp\/v2\/categories?post=98442"},{"taxonomy":"post_tag","embeddable":true,"href":"https:\/\/zjarr.tv\/en\/wp-json\/wp\/v2\/tags?post=98442"}],"curies":[{"name":"wp","href":"https:\/\/api.w.org\/{rel}","templated":true}]}}