{"id":98453,"date":"2019-07-25T12:45:56","date_gmt":"2019-07-25T10:45:56","guid":{"rendered":"https:\/\/zjarr.tv\/?p=98453"},"modified":"2019-07-25T12:45:56","modified_gmt":"2019-07-25T10:45:56","slug":"basha-fimos-me-artistet-marreveshjen-per-teatrin-kombetar","status":"publish","type":"post","link":"https:\/\/zjarr.tv\/en\/basha-fimos-me-artistet-marreveshjen-per-teatrin-kombetar\/","title":{"rendered":"Basha fimos me artist\u00ebt marr\u00ebveshjen p\u00ebr Teatrin Komb\u00ebtar."},"content":{"rendered":"<p>&nbsp;<\/p>\n<p>Ashtu si\u00e7 ishte parlajm\u00ebruar kreu demokrat Lulzim Basha ka shkuar n\u00eb godin\u00ebn e teatrit p\u00ebr t\u00eb firmosur marr\u00ebveshjen me artist\u00ebt q\u00eb protstojn\u00eb n\u00eb mbrojtje t\u00eb godin\u00ebs s\u00eb teatrit.<\/p>\n<p>Ai ka firmosur marr\u00ebveshjen\u00a0 me\u00a0 artist\u00ebt.<\/p>\n<p>Firmoset Kontrata mes artist\u00ebve dhe opozit\u00ebs. Artist\u00ebt angazhohen p\u00ebr betej\u00eb t\u00eb pand\u00ebrprer\u00eb p\u00ebr mbrojtjen e Teatrit, opozita p\u00ebr mb\u00ebshtetje dhe restaurim t\u00eb Teatrit, kur t\u00eb vij\u00eb n\u00eb pushtet.<\/p>\n<p>Kryetari i PD, Lulzim Basha, n\u00eb em\u00ebr t\u00eb opozit\u00ebs, firmosi me Aleanc\u00ebn n\u00eb Mbrojtje t\u00eb Teatrit Komb\u00ebtar nj\u00eb kontrat\u00eb q\u00eb e angazhon opozut\u00ebn t\u00eb mb\u00ebhstes\u00eb veprimet e Aleanc\u00ebs p\u00ebr t\u00eb mbrotjur Teatrin Komb\u00ebtar. P\u00ebrsa i p\u00ebrket \u00e7\u00ebshtjes s\u00eb teatrit, kontrata p\u00ebrmban 6 pika, n\u00eb t\u00eb cilat Aleanca angazhohet t\u00eb vijoj\u00eb pa nd\u00ebrprerje mbrojtjen p\u00ebr Teatrin, nd\u00ebrsa PD dhe opozita p\u00ebr t\u00eb mb\u00ebshtetur k\u00ebto aksione n\u00eb mbritje t\u00eb nd\u00ebrtes\u00ebs dhe t\u00ebpron\u00ebs publike. PD angazhohet gjithashtu, se n\u00eb muajin e par\u00eb t\u00eb qeveris\u00eb s\u00eb saj, kompleksit Skanderbeg, ku b\u00ebn pjes\u00eb Teatri, do t\u2019i rikthehet statusi Ansamb\u00ebl Monument Kulture dhe do t\u2019i n\u00ebnshtrohet menj\u00ebher\u00eb ruajtjes dhe restaurimit. Partia Demokratike dhe Opozita e Bashkuar, angazhohen t\u00eb shfuqizojn\u00eb ligjin special antikushtetues \u201cRama-Fusha\u201d q\u00eb shemb Teatrin dhe t\u00eb vendos\u00eb para p\u00ebrgjegj\u00ebsis\u00eb penale \u00e7do person t\u00eb p\u00ebrfshir\u00eb n\u00eb grabitjen kriminale t\u00eb truallit t\u00eb Teatrit Komb\u00ebtar.<\/p>\n<p>&nbsp;<\/p>\n<p><strong>P\u00cbR ND\u00cbRMARRJEN E NJ\u00cb ZOTIMIT\u00cb P\u00cbRBASHK\u00cbT PUBLIK<\/strong><\/p>\n<p>N\u00eb Tiran\u00eb, sot m\u00eb25 Korrik 2019,<\/p>\n<p>Ne,\u00a0<strong>qytetar\u00ebt dhe artist\u00ebt e angazhuar p\u00ebr mbrojtjen e Teatrit Komb\u00ebtar<\/strong>,<\/p>\n<p>dhe\u00a0<strong>Partia Demokratike e Shqip\u00ebris\u00eb dhe opozita e bashkuar,<\/strong><\/p>\n<p><em>1.1. Duke e konsideruar nd\u00ebrtes\u00ebn e Teatrit Komb\u00ebtar dhe Teatrit Eksperimental, si dhe zon\u00ebn p\u00ebrreth tij, si pjes\u00eb t\u00eb patjet\u00ebrsueshme t\u00eb Qendr\u00ebs Historike t\u00eb Tiran\u00ebs, si dhe me vlera t\u00eb padiskutueshme historike dhe pjes\u00eb t\u00eb trash\u00ebgimis\u00eb kulturore;<\/em><\/p>\n<p><em>1.2. Duke qen\u00eb krenar\u00eb dhe t\u00eb vet\u00ebdijsh\u00ebm p\u00ebr r\u00ebnd\u00ebsin\u00eb e trash\u00ebgimis\u00eb kulturore dhe me p\u00ebrgjegj\u00ebsin\u00eb p\u00ebr t\u00eb ruajtur trash\u00ebgimin\u00eb ton\u00eb historike e kulturore dhe mbrojtur e forcuar vlerat shpirt\u00ebrore t\u00eb vendit;<\/em><\/p>\n<p><em>1.3. Duke i vler\u00ebsuar si antikomb\u00ebtare dhe t\u00eb paligjshme p\u00ebrpjekjet p\u00ebr shkat\u00ebrrimin e nd\u00ebrtes\u00ebs historike t\u00eb Teatrit Komb\u00ebtar dhe Teatrit Eksperimental;<\/em><\/p>\n<p><em>1.4. Duke mbajtur n\u00eb konsiderat\u00eb se rendi kushtetues, identiteti komb\u00ebtar dhe trash\u00ebgimia komb\u00ebtare, jan\u00eb bazat e shtetit shqiptar, i cili ka p\u00ebr detyr\u00eb t\u2019i respektoj\u00eb dhe t&#8217;i mbroj\u00eb;<\/em><\/p>\n<p><em>1.5. Duke vler\u00ebsuar nevoj\u00ebn urgjente q\u00eb ka arti dhe kultura p\u00ebr m\u00eb shum\u00eb mb\u00ebshtetje financiare nga Buxheti i Shtetit, nd\u00ebrtimin e ambienteve t\u00eb reja n\u00eb funksion t\u00eb artit dhe kultur\u00ebs, si dhe nevoj\u00ebn q\u00eb ekziston p\u00ebr ruajtjen dhe restaurimin e plot\u00eb t\u00ebnd\u00ebrtes\u00ebs s\u00eb Teatrit Komb\u00ebtar;<\/em><\/p>\n<p><em>1.6. Duke qen\u00eb t\u00eb nd\u00ebrgjegjsh\u00ebm se pronat publike jan\u00eb pasuri e t\u00eb gjith\u00eb qytetar\u00ebve, dhe se nuk mund t\u00eb tjet\u00ebrsohen, duke c\u00ebnuar interesin publik, p\u00ebr q\u00ebllime fitimi nga biznesi privat;<\/em><\/p>\n<p><em>1.7. Duke e konsideruar miratimin e nj\u00eb ligji t\u00ebposa\u00e7\u00ebm p\u00ebr t\u00eb rregulluar procedur\u00ebn p\u00ebr realizimin e nj\u00eb projekti publik-privat, konkret dhe individualisht t\u00eb p\u00ebrcaktuar, si nj\u00eb precedent t\u00eb rreziksh\u00ebm p\u00ebr interesin publik dhe q\u00eb rrezikon thelb\u00ebsisht barazin\u00eb p\u00ebrpara ligjit dhe lirin\u00eb ekonomike;<\/em><\/p>\n<p><em>1.8. Duke mbajtur n\u00eb konsiderat\u00eb se mbrojtja e interesit publik dhe e drejta p\u00ebrb\u00ebn baz\u00ebn dhe kufijt\u00eb e veprimtaris\u00eb s\u00eb shtetit, si dhe duke qen\u00eb t\u00eb nd\u00ebrgjegjsh\u00ebm se aktualisht jemi n\u00eb nj\u00eb moment ballafaqimi historik, mes demokracis\u00eb shqiptare t\u00eb rrezikuar dhe totalitarizmit t\u00eb shfaqur;<\/em><\/p>\n<p><em>1.9. Me vendosm\u00ebrin\u00eb p\u00ebr t\u00eb kontribuar n\u00eb nd\u00ebrtimin e nj\u00eb shteti t\u00eb s\u00eb drejt\u00ebs, dhe nj\u00eb shoq\u00ebrie demokratike q\u00eb garanton lirit\u00eb dhe t\u00eb drejtat e njeriut, n\u00eb nj\u00eb sistem politik demokratik q\u00eb garanton llogaridh\u00ebnien dhe kufizimin e pushtetit;<\/em><\/p>\n<p>&nbsp;<\/p>\n<p><strong>DEKLAROJM\u00cb<\/strong><\/p>\n<p><strong>ME P\u00cbRGJEGJ\u00cbSI T\u00cb PLOT\u00cb PUBLIKE<\/strong><\/p>\n<p><strong>ND\u00cbRMARRJEN E K\u00cbTIJ ZOTIMI:<\/strong><\/p>\n<p>&nbsp;<\/p>\n<ol>\n<li><strong> Lidhur me Teatrin Komb\u00ebtar:<\/strong><\/li>\n<\/ol>\n<p>&nbsp;<\/p>\n<p><strong>1.<\/strong>\u201cAleanca p\u00ebr Mbrojtjen e Teatrit\u201d shpreh vendosm\u00ebrin\u00eb p\u00ebr t\u00eb vijuar pand\u00ebrprerje betej\u00ebn p\u00ebr mbrojtjen e kompleksit shum\u00ebfish historik e kulturor, n\u00eb t\u00eb cilin funksionojn\u00eb aktualisht dy teatrot, ai Komb\u00ebtar dhe ai Eksperimental.<\/p>\n<p><strong>2.<\/strong>Partia Demokratike dhe opozita e bashkuar angazhohet t\u00eb mb\u00ebshtes\u00eb veprimet dhe aksionet e \u201cAleanc\u00ebs p\u00ebr Mbrojtjen e Teatrit\u201d p\u00ebr mbrojtjen e nd\u00ebrtes\u00ebs historike t\u00eb Teatrit Komb\u00ebtardhe nj\u00ebher\u00ebsh p\u00ebr mbrojtjen e pron\u00ebs publike t\u00eb k\u00ebrc\u00ebnuar nga tjet\u00ebrsimi i paligjsh\u00ebm dhe korruptiv, duke p\u00ebrfshir\u00eb nd\u00ebrmarrjen e \u00e7do aksioni, t\u00eb duhur e t\u00eb nevojsh\u00ebm, ligjor, politik e qytetar.<\/p>\n<p><strong>3.<\/strong>Brenda 1 muaji nga momenti kurPartia Demokratike e Shqip\u00ebris\u00ebdheopozita e bashkuar do t\u00eb jet\u00eb shumic\u00eb politike qeveris\u00ebse, kompleksit t\u00eb ish-Qarkut \u201cSkanderbeg\u201d, ku p\u00ebrfshihet edhe Teatri Komb\u00ebtar dhe zonat p\u00ebrreth tij, do t\u2019i rikthehet me p\u00ebrpar\u00ebsi statusi\u201cAnsamb\u00ebl Monument Kulture\u201d, duke qen\u00eb pjes\u00eb e Qendr\u00ebs Historike t\u00eb Qytetit t\u00eb Tiran\u00ebs.<\/p>\n<p><strong>4.<\/strong>N\u00eb momentin kur Partia Demokratike e Shqip\u00ebris\u00eb dhe opozita e bashkuar do t\u00eb jet\u00eb shumic\u00eb politike qeveris\u00ebse, kompleksii ish-Qarkut \u201cSkanderbeg\u201d, ku p\u00ebrfshihet edhe Teatri Komb\u00ebtar dhe zonat p\u00ebrreth tij, do t\u2019i n\u00ebnshtrohen ruajtjes dhe restaurimit t\u00eb tyre, duke t\u00ebrhequr n\u00eb nj\u00eb sip\u00ebrmarrje t\u00eb till\u00eb p\u00ebrvoj\u00ebn dhe ekspertiz\u00ebn e arkitekt\u00ebve dhe ekspert\u00ebve t\u00eb monumenteve t\u00eb kultur\u00ebs m\u00eb t\u00eb mir\u00eb n\u00eb vend.<\/p>\n<p><strong>5.<\/strong>Brenda 1 muaji nga momenti kur Partia Demokratike e Shqip\u00ebris\u00eb dhe opozita e bashkuardo t\u00eb jet\u00eb shumic\u00eb politike qeveris\u00ebse, do t\u00eb shfuqizoj\u00eb me p\u00ebrpar\u00ebsi si antikushtetues ligjin nr. 37\/2018 \u201cP\u00ebr p\u00ebrcaktimin e procedur\u00ebs s\u00eb ve\u00e7ant\u00eb p\u00ebr vler\u00ebsimin, negocimin dhe lidhjen e kontrat\u00ebs me objekt \u201cProjektimi dhe realizimi i projektit urban dhe i godin\u00ebs s\u00eb re t\u00eb Teatrit Komb\u00ebtar\u201d, si dhe \u00e7do akt tjet\u00ebr ligjor e n\u00ebnligjor q\u00eb buron prej tij dhe parashikon tjet\u00ebrsimin e paligjsh\u00ebm t\u00eb pasuris\u00eb publike.<\/p>\n<ol start=\"6\">\n<li>N\u00eb momentin kur Partia Demokratike e Shqip\u00ebris\u00eb dhe opozita e bashkuardo t\u00eb jet\u00eb shumic\u00eb politike qeveris\u00ebse, do t\u00eb nd\u00ebrmarr\u00eb t\u00eb gjitha masat e duhura ligjor p\u00ebr t\u00eb garantuar v\u00ebnien p\u00ebrpara p\u00ebrgjegj\u00ebsis\u00eb penale dhe administrative t\u00eb t\u00eb gjith\u00eb vendimmarr\u00ebsve publik\u00eb dhe subjekteve private, p\u00ebr p\u00ebrfshirjen n\u00eb afer\u00ebn e grabitjeskriminale t\u00eb truallit t\u00eb Teatrit Komb\u00ebtar, duke u ngarkuar atyre edhe detyrimin p\u00ebr kompensimin e \u00e7do d\u00ebmi t\u00eb shkaktuar.<\/li>\n<li><strong> Lidhur me masat p\u00ebr t\u00eb garantuar demokracin\u00eb funksionale, sundimin e ligjit dhe mbrojtjen e interesit publik:<\/strong><\/li>\n<\/ol>\n<p><strong>1.<\/strong>N\u00eb momentin kur Partia Demokratike e Shqip\u00ebris\u00eb dhe opozita e bashkuardo t\u00eb jet\u00eb shumic\u00eb politike qeveris\u00ebse, do t\u00eb nd\u00ebrmarr\u00eb \u00e7do iniciativ\u00eb t\u00eb mundshme ligjore, n\u00eb p\u00ebrputhje me Kushtetut\u00ebn e Republik\u00ebs s\u00eb Shqip\u00ebris\u00eb, p\u00ebrfshir\u00eb shtesa dhe ndryshime n\u00eb legjislacionin n\u00eb fuqi, p\u00ebr t\u00eb garantuar q\u00eb \u00e7do investim e zhvillim i realizuar n\u00eb pron\u00ebn publike, t\u00eb tjet\u00ebrsuar n\u00eb kund\u00ebrshtim me ligjin dhe\/ose p\u00ebr motive t\u00eb dyshuara si korruptive, do t\u2019i kthehet publikut n\u00ebp\u00ebrmjet konfiskimit dhe\/ose kthimit t\u00eb pron\u00ebs n\u00eb gjendjen e m\u00ebparshme.<\/p>\n<p><strong>2.<\/strong>N\u00eb momentin kur Partia Demokratike e Shqip\u00ebris\u00eb dhe opozita e bashkuardo t\u00eb jet\u00eb shumic\u00eb politike qeveris\u00ebse, do t\u00eb nd\u00ebrmarr\u00eb \u00e7do veprim ligjor t\u00eb mundsh\u00ebm, si dhe do t\u00eb miratoj\u00eb \u00e7do akt ligjor e n\u00ebnligjor t\u00eb nevojsh\u00ebm, q\u00eb \u00e7do subjekt privat q\u00eb ka nd\u00ebrmarr\u00eb veprime aktive apo ka bashk\u00ebpunuar n\u00eb shkat\u00ebrrimin e pron\u00ebs publike, sipas rasteve t\u00eb p\u00ebrmenduara n\u00eb pik\u00ebn II\/1, do t\u00eb detyrohet sipas ligjit\u00a0 p\u00ebr d\u00ebmshp\u00ebrblimin e d\u00ebmit t\u00eb shkaktuar dhe rehabilitimine plot\u00eb t\u00eb zon\u00ebs dhe pasurive publike, n\u00ebp\u00ebrmjet kthimit t\u00eb tyre n\u00eb gjendjen e m\u00ebparshme.<\/p>\n<p><strong>3.<\/strong>N\u00eb momentin kur Partia Demokratike e Shqip\u00ebris\u00eb dhe opozita e bashkuardo t\u00eb jet\u00eb shumic\u00eb politike qeveris\u00ebse, me q\u00ebllim p\u00ebrmbushjen e plot\u00ebt\u00eb angazhimeve t\u00eb p\u00ebrmendura n\u00eb k\u00ebt\u00eb zotim publik, do t\u00eb ngarkoj\u00eb nj\u00eb struktur\u00eb t\u00eb posa\u00e7me pran\u00eb Avokatur\u00ebs s\u00eb P\u00ebrgjithshme t\u00eb Shtetit, p\u00ebr hartimin dhe ndjekjen e nj\u00eb strategjie t\u00eb plot\u00eb ligjore, si dhe nd\u00ebrmarrjen e \u00e7do veprimi t\u00eb duhur ligjor, q\u00eb mund\u00ebson nj\u00ebkoh\u00ebsisht realizimin e angazhimeve si m\u00eb sip\u00ebr dhe mbrojtjen e interesit publik.<\/p>\n<ol start=\"4\">\n<li>Partia Demokratike dhe opozita e bashkuarangazhohet t\u00eb propozoj\u00eb nj\u00eb reform\u00eb ligjore dhe institucionale p\u00ebr rritjen e p\u00ebrfshirjes dhe pjes\u00ebmarr\u00ebs s\u00eb publikut n\u00eb vendimmarrje n\u00ebp\u00ebrmjet garancive t\u00eb mjaftueshme ligjore p\u00ebr konsultimin efektiv me qytetar\u00ebt dhe realizimin e demokracis\u00eb s\u00eb drejtp\u00ebrdrejt\u00eb n\u00ebp\u00ebrmjet referendumeve mbi \u00e7\u00ebshtje t\u00eb interesit publik;<\/li>\n<li>Partia Demokratike dhe opozita e bashkuarangazhohet p\u00ebr nj\u00eb sistem zgjedhor q\u00eb u jep mund\u00ebsi qytetar\u00ebve t\u00eb shprehen p\u00ebr p\u00ebrfaq\u00ebsuesit e tyre dhe nj\u00eb reform\u00eb kushtetuese q\u00eb synon rritjen e kontrollit dhe balanc\u00ebs nd\u00ebrmjet pushteteve apo forcimin e llogaridh\u00ebnies dhe kontrollit ndaj pushtetit. Diskutimi mbi k\u00ebt\u00eb \u00e7\u00ebshtje duhet t\u00eb b\u00ebhet n\u00eb m\u00ebnyr\u00eb transparente dhe gjith\u00ebp\u00ebrfshir\u00ebse, duke p\u00ebrfshir\u00eb n\u00eb hartimin e tyre p\u00ebrfaq\u00ebsues t\u00eb t\u00eb gjitha grupeve t\u00eb interesit dhe shoq\u00ebris\u00eb civile.<\/li>\n<li><strong> Lidhur me nevoj\u00ebn p\u00ebr nj\u00eb Reform\u00eb t\u00eb v\u00ebrtet\u00eb n\u00eb art dhe kultur\u00eb:<\/strong><\/li>\n<\/ol>\n<p>Brenda 1 viti nga momenti kur Partia Demokratike e Shqip\u00ebris\u00eb dhe opozita e bashkuardo t\u00eb jet\u00eb shumic\u00eb parlamentare, n\u00eb konsultim me komunitetin e artist\u00ebve, do t\u00eb nis\u00eb nj\u00eb proces t\u00eb hapur dhe gjith\u00ebp\u00ebrfshir\u00ebs, p\u00ebr reformimin e sektorit t\u00eb artit dhe kultur\u00ebs n\u00eb vend q\u00eb synon:<\/p>\n<p><strong>1.<\/strong>Decentralizimin e institucioneve kulturore n\u00eb dakord\u00ebsi me komunitetin artistik dhe shnd\u00ebrrimin e institucioneve buxhetore t\u00eb artit e kultur\u00ebs n\u00eb institucione t\u00eb pavarura publike;<\/p>\n<p><strong>2.<\/strong>Reformimin e kuadrit ligjor p\u00ebr t\u00eb garantuar statusin dhe t\u00eb drejtat e profesionit t\u00eb artistit, p\u00ebrfshi shp\u00ebrblimin monetar t\u00eb tyre;<\/p>\n<p><strong>3.<\/strong>Garantimin e mbrojtjes efektive t\u00eb t\u00eb drejtave t\u00eb autorit n\u00eb Shqip\u00ebri;<\/p>\n<p><strong>4.<\/strong>Rritjen e buxheteve p\u00ebr artin dhe kultur\u00ebn n\u00eb nivelet m\u00eb t\u00eb larta t\u00eb rajonit.<\/p>\n<p><strong>P\u00cbR K\u00cbT\u00cb Q\u00cbLLIM:<\/strong><\/p>\n<p><em>Pal\u00ebt n\u00ebnshkruese jan\u00eb mir\u00ebkuptuar p\u00ebr t\u00eb punuar s\u00eb bashku dhe t\u00eb ftojn\u00eb t\u00eb gjith\u00eb qytetar\u00ebt p\u00ebr t\u00eb kontribuar n\u00eb p\u00ebrmbushjen e objektivave t\u00eb p\u00ebrfshira n\u00eb k\u00ebt\u00eb zotim publik.<\/em><\/p>\n<p><em>Pal\u00ebt n\u00ebnshkruese angazhohen t\u00eb informojn\u00eb dhe konsultohen me nj\u00ebra-tjetr\u00ebn, p\u00ebr m\u00ebnyr\u00ebn e p\u00ebrmbushjes n\u00eb koh\u00eb t\u00eb angazhimeve t\u00eb p\u00ebrmendura n\u00eb k\u00ebt\u00eb Deklarat\u00eb. Organizatat p\u00ebrfaq\u00ebsuese t\u00eb aktor\u00ebve, grupet e interesit dhe p\u00ebrfaq\u00ebsuesit e shoq\u00ebris\u00eb civile, g\u00ebzojn\u00eb t\u00eb drejt\u00ebn t\u00eb k\u00ebrkojn\u00eb n\u00eb \u00e7do koh\u00eb informacion t\u00eb plot\u00eb, si dhe p\u00ebrmbushjen e k\u00ebtyre angazhimeve, duke ndjekur \u00e7do mekaniz\u00ebm dhe duke nd\u00ebrmarr\u00eb \u00e7do veprim q\u00eb e vler\u00ebsojn\u00eb t\u00eb nevojsh\u00ebm p\u00ebr t\u00eb garantuar realizimin e tyre.<\/em><\/p>\n<p><em>Nj\u00eb kopje e n\u00ebnshkruar e k\u00ebsaj Deklarate [Kontrate] b\u00ebhet publike n\u00eb faqet zyrtare t\u00eb internetit t\u00ebpal\u00ebve n\u00ebnshkruese, si dhe i b\u00ebhet me dije opinionit publik, n\u00eb format dhe m\u00ebnyrat m\u00eb t\u00eb p\u00ebrshtatshme.<\/em><\/p>\n<p><em>Publikimi i k\u00ebsaj Deklarate konsiderohet edhe informim me mjetet\u00eb p\u00ebrshtatshme, i \u00e7do subjekti privat q\u00eb parashikon t\u00eb p\u00ebrfshihet n\u00eb veprime aktive apo t\u00eb bashk\u00ebpunoj\u00eb n\u00eb shkat\u00ebrrimin e nd\u00ebrtesave dhe zon\u00ebs p\u00ebrreth Teatrit Komb\u00ebtar, duke p\u00ebrfituar pasuri publike, n\u00ebp\u00ebrmjet tjet\u00ebrsimit t\u00eb paligjsh\u00ebm t\u00eb tyre, sipas arsyetimit kushtetues e ligjor t\u00eb shprehur n\u00eb Dekretin e Presidentit t\u00eb Republik\u00ebs p\u00ebr kthimin p\u00ebr rishqyrtim t\u00eb ligjit nr. 37\/2018 n\u00eb Kuvendin e Shqip\u00ebris\u00eb. \u00c7do veprim i kryer nga tani e n\u00eb vijim do t\u00eb konsiderohet ligj\u00ebrisht si i kryer n\u00eb keqbesim.<\/em><\/p>\n<p>&nbsp;<\/p>\n","protected":false},"excerpt":{"rendered":"<p>&nbsp; Ashtu si\u00e7 ishte parlajm\u00ebruar kreu demokrat Lulzim Basha ka shkuar n\u00eb godin\u00ebn e teatrit p\u00ebr t\u00eb firmosur marr\u00ebveshjen me artist\u00ebt q\u00eb protstojn\u00eb n\u00eb mbrojtje t\u00eb godin\u00ebs s\u00eb teatrit. Ai ka firmosur marr\u00ebveshjen\u00a0 me\u00a0 artist\u00ebt. Firmoset Kontrata mes artist\u00ebve dhe opozit\u00ebs. Artist\u00ebt angazhohen p\u00ebr betej\u00eb t\u00eb pand\u00ebrprer\u00eb p\u00ebr mbrojtjen e Teatrit, opozita p\u00ebr mb\u00ebshtetje dhe [&hellip;]<\/p>\n","protected":false},"author":2013,"featured_media":98446,"comment_status":"open","ping_status":"closed","sticky":false,"template":"","format":"standard","meta":{"footnotes":""},"categories":[241,235],"tags":[],"class_list":{"0":"post-98453","1":"post","2":"type-post","3":"status-publish","4":"format-standard","5":"has-post-thumbnail","7":"category-aktualitet","8":"category-vendi"},"_links":{"self":[{"href":"https:\/\/zjarr.tv\/en\/wp-json\/wp\/v2\/posts\/98453","targetHints":{"allow":["GET"]}}],"collection":[{"href":"https:\/\/zjarr.tv\/en\/wp-json\/wp\/v2\/posts"}],"about":[{"href":"https:\/\/zjarr.tv\/en\/wp-json\/wp\/v2\/types\/post"}],"author":[{"embeddable":true,"href":"https:\/\/zjarr.tv\/en\/wp-json\/wp\/v2\/users\/2013"}],"replies":[{"embeddable":true,"href":"https:\/\/zjarr.tv\/en\/wp-json\/wp\/v2\/comments?post=98453"}],"version-history":[{"count":0,"href":"https:\/\/zjarr.tv\/en\/wp-json\/wp\/v2\/posts\/98453\/revisions"}],"wp:featuredmedia":[{"embeddable":true,"href":"https:\/\/zjarr.tv\/en\/wp-json\/wp\/v2\/media\/98446"}],"wp:attachment":[{"href":"https:\/\/zjarr.tv\/en\/wp-json\/wp\/v2\/media?parent=98453"}],"wp:term":[{"taxonomy":"category","embeddable":true,"href":"https:\/\/zjarr.tv\/en\/wp-json\/wp\/v2\/categories?post=98453"},{"taxonomy":"post_tag","embeddable":true,"href":"https:\/\/zjarr.tv\/en\/wp-json\/wp\/v2\/tags?post=98453"}],"curies":[{"name":"wp","href":"https:\/\/api.w.org\/{rel}","templated":true}]}}