{"id":98455,"date":"2019-07-25T12:47:22","date_gmt":"2019-07-25T10:47:22","guid":{"rendered":"https:\/\/zjarr.tv\/?p=98455"},"modified":"2019-07-25T12:47:22","modified_gmt":"2019-07-25T10:47:22","slug":"blofi-i-rames-me-deklaraten-e-1-viti-me-pare-te-rajmonda-bulkut-cfare-tha-mbreme-ajo-per-teatrin","status":"publish","type":"post","link":"https:\/\/zjarr.tv\/en\/blofi-i-rames-me-deklaraten-e-1-viti-me-pare-te-rajmonda-bulkut-cfare-tha-mbreme-ajo-per-teatrin\/","title":{"rendered":"Blofi i Ram\u00ebs me deklarat\u00ebn e 1 viti m\u00eb par\u00eb t\u00eb Rajmonda Bulkut\/ \u00c7far\u00eb tha mbr\u00ebm\u00eb ajo p\u00ebr Teatrin &#8230;"},"content":{"rendered":"<p>&nbsp;<\/p>\n<p>Edi Rama sot n\u00ebp\u00ebrmjet nj\u00eb statusi prej skuthi n\u00eb faqen e tij n\u00eb Facebook, p\u00ebrdori aktoren e mir\u00ebnjohur Rajmonda Buku, duke cituar nj\u00eb deklarat\u00eb t\u00eb saj t\u00eb hershme n\u00eb koh\u00eb , p\u00ebr \u00e7\u00ebshtjen e Teatrit Komb\u00ebtar\u00eb. Gati nj\u00eb vit e gjysm\u00eb m\u00eb par\u00eb, kur ende nuk ishte e qart\u00eb se \u00e7far\u00eb q\u00ebndronte prapa skem\u00ebs s\u00eb pastrimit t\u00eb parave dhe grabitjes s\u00eb tok\u00ebs publike t\u00eb Teatrit nga dyshja, Rama-Fusha, Bulku u pozicionua pro ngritjes s\u00eb nj\u00eb Teatri t\u00eb Ri modern\u00eb.<\/p>\n<p>K\u00ebt\u00eb deklarat\u00eb Rama e ka shfryt\u00ebzuar sot n\u00eb m\u00ebngjes, p\u00ebr betej\u00ebn e tij kund\u00ebr artist\u00ebve dhe qytetar\u00ebve t\u00eb shum\u00eb t\u00eb kryeqytetit, t\u00eb cil\u00ebt mbr\u00ebm\u00eb korr\u00ebn fitoren e par\u00eb reale duke \u00e7liruar nga forcat e shumta policore, ambientet brenda dhe p\u00ebrreth Teatrit.<\/p>\n<p>\u201cMinoranca e zhurmshme dhe e verb\u00ebr teatralo -politike, nuk p\u00ebrfaq\u00ebson asfare opinionin e shumic\u00ebs s\u00eb komunitetit t\u00eb artist\u00ebve t\u00eb sken\u00ebs, p\u00ebr projektin e Teatrit Komb\u00ebtar!<\/p>\n<p>Ja \u00e7far\u00eb mendon nj\u00eb aktore e njohur e sken\u00ebs komb\u00ebtare, e cila jo vet\u00ebm s\u2019ka asnj\u00eb lidhje me k\u00ebt\u00eb shumic\u00eb qeveris\u00ebse, po ka qen\u00eb aktive si qytetare qysh n\u00eb koh\u00ebn e ndryshimeve historike dhe m\u00eb pas edhe si deputete, n\u00eb radh\u00ebt e Partis\u00eb Demokratike:<\/p>\n<p>RAIMONDA BULKU<\/p>\n<p>Aty duhet t\u00eb ket\u00eb nj\u00eb teat\u00ebr shum\u00eb t\u00eb mir\u00eb, \u00e7\u2019m\u00eb duhet mua se \u00e7far\u00eb nd\u00ebrtohet an\u00ebs teatrit, apo mbi teat\u00ebr. N\u00eb qiell le t\u00eb nd\u00ebrtohet, s\u2019kam ndonj\u00eb gj\u00eb; un\u00eb dua t\u00eb nd\u00ebrtohet nj\u00eb teat\u00ebr. Nuk ka r\u00ebnd\u00ebsi fare se \u00e7far\u00eb. Godina e teatrit duhet shembur, pa dyshim. Ne po p\u00ebrjetojm\u00eb kushte mizerab\u00ebl. Un\u00eb nuk e di se si punojm\u00eb aty, \u00ebsht\u00eb turp t\u00eb punosh aty. Tani q\u00eb u gjet Turbina, shum\u00eb mir\u00eb, ajo sall\u00eb \u00ebsht\u00eb p\u00ebr at\u00eb zon\u00eb, at\u00eb lagje dhe si ajo duhet t\u00eb nd\u00ebrtohet edhe nj\u00eb n\u00eb Kombinat, edhe nj\u00eb n\u00eb Laprak\u00eb, q\u00eb padyshim \u00ebsht\u00eb nj\u00eb lagje af\u00ebr Tiran\u00ebs. Un\u00eb do t\u00eb d\u00ebshiroja q\u00eb t\u00eb ngrihet nj\u00eb Teat\u00ebr i ri Komb\u00ebtar, me parametra t\u00eb tjer\u00eb\u201d, shkruante dhe citonte sot Edi Rama, duke e shoq\u00ebruar postimin edhe me nj\u00eb fotografi t\u00eb aktores s\u00eb dashur p\u00ebr publikun.<\/p>\n<p>Por mbr\u00ebm\u00eb n\u00eb or\u00ebt e vona t\u00eb nat\u00ebs, nd\u00ebrkoh\u00eb q\u00eb qytetar\u00ebt e Tiran\u00ebs dhe artist\u00ebt edhe pse p\u00ebrballuan nj\u00eb dhun\u00eb t\u00eb paprecedent\u00eb t\u00eb policis\u00eb, nuk e l\u00ebshuan Teatrin p\u00ebr asnj\u00eb \u00e7ast, Bulku, b\u00ebri nj\u00eb pyetje n\u00eb faqen e saj n\u00eb Facebook: \u00c7far\u00eb mendoni p\u00ebr shembjen e Teatrit Komb\u00ebtar?<\/p>\n<p>Edhe pse ishte mesnat\u00eb, brenda pak or\u00ebve k\u00ebsaj pyetje n\u00ebp\u00ebrmjet rreth 120 komenteve, i jan\u00eb p\u00ebrgjigjur dhjet\u00ebra qytetar\u00eb dhe miq t\u00eb aktores. Gati t\u00eb gjith\u00eb pa p\u00ebrjashtim, kan\u00eb shprehur indinjat\u00ebn p\u00ebr aktin mafioz, antiligjor dhe korruptiv t\u00eb kryeministrit Rama.<\/p>\n<p>T\u00eb gjith\u00eb k\u00ebtyre, aktorja Bulku m\u00eb pas ju ka premtuar, se do ti p\u00ebrfaq\u00ebsoj\u00eb n\u00eb komunikimet e saja t\u00eb ardhshme publike p\u00ebr k\u00ebt\u00eb tem\u00eb. Por ajo q\u00eb bie n\u00eb sy n\u00eb komentin e mbr\u00ebmsh\u00ebm t\u00eb Bulkut, \u00ebsht\u00eb nj\u00eb reflektim p\u00ebr \u00e7\u00ebshtjen e Teatrit Komb\u00ebtar\u00eb n\u00eb k\u00ebt\u00eb situat\u00eb, edhe pse i q\u00ebndron ides\u00eb (n\u00eb nj\u00eb koment tjet\u00ebr) se Tiran\u00ebs i duhet patjet\u00ebr nj\u00eb Teat\u00ebr modern. Gjithsesi ajo thot\u00eb, se shpreson q\u00eb z\u00ebri i saj, koleg\u00ebve dhe komentuesve t\u00eb shumt\u00eb\u00a0 q\u00eb jan\u00eb kund\u00ebr prishjes s\u00eb Teatrit t\u00eb d\u00ebgjohet. Por shton, se vet\u00ebm kjo nuk mjafton p\u00ebr t\u00eb ndalur m\u00ebkatin e prishjes s\u00eb Teatrit nga Rama.<\/p>\n<p>\u201cDuhet t\u00eb keni besim se do t\u00eb p\u00ebrfaqesoj opinionin tuaj n\u00eb komunikimet e mia publike mbi k\u00ebte tem\u00eb. Shpresoj q\u00eb z\u00ebri juaj dhe z\u00ebri im t\u00eb d\u00ebgjohet, ndoshta un\u00eb dhe koleget e mi nuk mjaftojm\u00eb, p\u00ebr t\u00eb ndaluar k\u00ebt\u00eb m\u00ebkat&#8230;\u201d, shkruante Rajmonda Bulku vet\u00ebm pak or\u00eb p\u00ebrpara p\u00ebrdorimit prej skuthi, q\u00eb i b\u00ebri Edi Rama.<\/p>\n<p>&nbsp;<\/p>","protected":false},"excerpt":{"rendered":"<p>&nbsp; Edi Rama sot n\u00ebp\u00ebrmjet nj\u00eb statusi prej skuthi n\u00eb faqen e tij n\u00eb Facebook, p\u00ebrdori aktoren e mir\u00ebnjohur Rajmonda Buku, duke cituar nj\u00eb deklarat\u00eb t\u00eb saj t\u00eb hershme n\u00eb koh\u00eb , p\u00ebr \u00e7\u00ebshtjen e Teatrit Komb\u00ebtar\u00eb. Gati nj\u00eb vit e gjysm\u00eb m\u00eb par\u00eb, kur ende nuk ishte e qart\u00eb se \u00e7far\u00eb q\u00ebndronte prapa skem\u00ebs [&hellip;]<\/p>\n","protected":false},"author":2013,"featured_media":98456,"comment_status":"open","ping_status":"closed","sticky":false,"template":"","format":"standard","meta":{"footnotes":""},"categories":[241,235],"tags":[],"class_list":{"0":"post-98455","1":"post","2":"type-post","3":"status-publish","4":"format-standard","5":"has-post-thumbnail","7":"category-aktualitet","8":"category-vendi"},"_links":{"self":[{"href":"https:\/\/zjarr.tv\/en\/wp-json\/wp\/v2\/posts\/98455","targetHints":{"allow":["GET"]}}],"collection":[{"href":"https:\/\/zjarr.tv\/en\/wp-json\/wp\/v2\/posts"}],"about":[{"href":"https:\/\/zjarr.tv\/en\/wp-json\/wp\/v2\/types\/post"}],"author":[{"embeddable":true,"href":"https:\/\/zjarr.tv\/en\/wp-json\/wp\/v2\/users\/2013"}],"replies":[{"embeddable":true,"href":"https:\/\/zjarr.tv\/en\/wp-json\/wp\/v2\/comments?post=98455"}],"version-history":[{"count":0,"href":"https:\/\/zjarr.tv\/en\/wp-json\/wp\/v2\/posts\/98455\/revisions"}],"wp:featuredmedia":[{"embeddable":true,"href":"https:\/\/zjarr.tv\/en\/wp-json\/wp\/v2\/media\/98456"}],"wp:attachment":[{"href":"https:\/\/zjarr.tv\/en\/wp-json\/wp\/v2\/media?parent=98455"}],"wp:term":[{"taxonomy":"category","embeddable":true,"href":"https:\/\/zjarr.tv\/en\/wp-json\/wp\/v2\/categories?post=98455"},{"taxonomy":"post_tag","embeddable":true,"href":"https:\/\/zjarr.tv\/en\/wp-json\/wp\/v2\/tags?post=98455"}],"curies":[{"name":"wp","href":"https:\/\/api.w.org\/{rel}","templated":true}]}}