{"id":98469,"date":"2019-07-25T13:04:53","date_gmt":"2019-07-25T11:04:53","guid":{"rendered":"https:\/\/zjarr.tv\/?p=98469"},"modified":"2019-07-25T13:04:53","modified_gmt":"2019-07-25T11:04:53","slug":"grafika-avni-delvina-e-ka-me-ilir-meten-sporti-i-tij-i-preferuar-i-dikurshem-dhe-kushtetuta","status":"publish","type":"post","link":"https:\/\/zjarr.tv\/en\/grafika-avni-delvina-e-ka-me-ilir-meten-sporti-i-tij-i-preferuar-i-dikurshem-dhe-kushtetuta\/","title":{"rendered":"Grafika\/ Avni Delvina e ka me Ilir Met\u00ebn: Sporti i tij i preferuar i dikursh\u00ebm&#8230;dhe Kushtetuta &#8230;"},"content":{"rendered":"<p>&nbsp;<\/p>\n<p>Grafisti i njohur Avni Delvina i ka kushtuar nj\u00eb punim t\u00eb tij t\u00eb fundit Presidentit t\u00eb Republik\u00ebs Ilir Meta.<\/p>\n<p>N\u00eb sh\u00ebnimin e tij q\u00eb shoq\u00ebron grafiken e punuar mjesht\u00ebrisht \u00a0ai shkruna se \u00ebsht\u00eb nj\u00eb, \u201cgrafik\u00eb e nxitur nga veprimet e fundit t\u00eb presidentit t\u00eb Republik\u00ebs Ilir Meta, deri t\u00eb Mbrojtja e Teatrit me vajtjen n\u00eb Gjykat\u00ebn Kushtetuese&#8230;.plus edhe emertimi fantastik i tij me gishtin n\u00eb plag\u00eb &#8220;Rilindje nd\u00ebrkombetare&#8221;<br \/>\nPotimi vijon m\u00eb pisht\u00eb me \u201cPresidenti paraqitet n\u00eb ushtrimin e sportit t\u00eb tij t\u00eb dikursh\u00ebm (ngritje peshash), duke ngritur lart Kushtetut\u00ebn e Shqip\u00ebris\u00eb me n\u00eb sfond Malin e Tomorrit vendin e tij t\u00eb origjin\u00ebs.<\/p>\n<p>&nbsp;<\/p>","protected":false},"excerpt":{"rendered":"<p>&nbsp; Grafisti i njohur Avni Delvina i ka kushtuar nj\u00eb punim t\u00eb tij t\u00eb fundit Presidentit t\u00eb Republik\u00ebs Ilir Meta. N\u00eb sh\u00ebnimin e tij q\u00eb shoq\u00ebron grafiken e punuar mjesht\u00ebrisht \u00a0ai shkruna se \u00ebsht\u00eb nj\u00eb, \u201cgrafik\u00eb e nxitur nga veprimet e fundit t\u00eb presidentit t\u00eb Republik\u00ebs Ilir Meta, deri t\u00eb Mbrojtja e Teatrit me vajtjen [&hellip;]<\/p>\n","protected":false},"author":2013,"featured_media":98470,"comment_status":"open","ping_status":"closed","sticky":false,"template":"","format":"standard","meta":{"footnotes":""},"categories":[241,235],"tags":[],"class_list":{"0":"post-98469","1":"post","2":"type-post","3":"status-publish","4":"format-standard","5":"has-post-thumbnail","7":"category-aktualitet","8":"category-vendi"},"_links":{"self":[{"href":"https:\/\/zjarr.tv\/en\/wp-json\/wp\/v2\/posts\/98469","targetHints":{"allow":["GET"]}}],"collection":[{"href":"https:\/\/zjarr.tv\/en\/wp-json\/wp\/v2\/posts"}],"about":[{"href":"https:\/\/zjarr.tv\/en\/wp-json\/wp\/v2\/types\/post"}],"author":[{"embeddable":true,"href":"https:\/\/zjarr.tv\/en\/wp-json\/wp\/v2\/users\/2013"}],"replies":[{"embeddable":true,"href":"https:\/\/zjarr.tv\/en\/wp-json\/wp\/v2\/comments?post=98469"}],"version-history":[{"count":0,"href":"https:\/\/zjarr.tv\/en\/wp-json\/wp\/v2\/posts\/98469\/revisions"}],"wp:featuredmedia":[{"embeddable":true,"href":"https:\/\/zjarr.tv\/en\/wp-json\/wp\/v2\/media\/98470"}],"wp:attachment":[{"href":"https:\/\/zjarr.tv\/en\/wp-json\/wp\/v2\/media?parent=98469"}],"wp:term":[{"taxonomy":"category","embeddable":true,"href":"https:\/\/zjarr.tv\/en\/wp-json\/wp\/v2\/categories?post=98469"},{"taxonomy":"post_tag","embeddable":true,"href":"https:\/\/zjarr.tv\/en\/wp-json\/wp\/v2\/tags?post=98469"}],"curies":[{"name":"wp","href":"https:\/\/api.w.org\/{rel}","templated":true}]}}