{"id":98475,"date":"2019-07-25T13:14:17","date_gmt":"2019-07-25T11:14:17","guid":{"rendered":"https:\/\/zjarr.tv\/?p=98475"},"modified":"2019-07-25T13:14:17","modified_gmt":"2019-07-25T11:14:17","slug":"shperthimi-ne-tirane-nderron-jete-nje-nga-te-plagosurit","status":"publish","type":"post","link":"https:\/\/zjarr.tv\/en\/shperthimi-ne-tirane-nderron-jete-nje-nga-te-plagosurit\/","title":{"rendered":"Shp\u00ebrthimi n\u00eb Tiran\u00eb, nd\u00ebrron jet\u00eb nj\u00eb nga t\u00eb plagosurit"},"content":{"rendered":"<p>&nbsp;<\/p>\n<p>Nj\u00eb ngjarj\u00eb \u00eb r\u00ebnd\u00eb ka ndodhur gjat\u00eb dit\u00ebs s\u00eb sotme kur shp\u00ebrtheu nj\u00eb transformator n\u00eb Tiran\u00eb n\u00eb nj\u00eb biznes.<\/p>\n<p>Nd\u00ebrkoh\u00eb m\u00ebsohet \u00a0se nj\u00ebri nga t\u00eb plagosurit ka nd\u00ebrruar jet\u00eb n\u00eb spital si pasoj\u00eb e pleg\u00ebve t\u00eb marra.<\/p>\n<p>Ngjarja ndodhi rreth or\u00ebs 12:00 n\u00eb af\u00ebrsi t\u00eb nj\u00eb objekti n\u00eb rekonstruksion. Te plagosurit jan\u00eb punonj\u00ebs t\u00eb firm\u00ebs q\u00eb punonin aty ku ndodhi shp\u00ebrthimi.<\/p>\n<p>Njoftimi i policis\u00eb:<\/p>\n<p>Tiran\u00eb\/Informacion Paraprak<\/p>\n<p>Rreth or\u00ebs 12.00,\u00a0 n\u00eb autostrad\u00ebn Tiran\u00eb \u2013 Durr\u00ebs n\u00eb af\u00ebrsi t\u00eb nj\u00eb objekti n\u00eb rekonstruksion si pasoj\u00eb e nj\u00eb shk\u00ebndie\u00a0 elektrike ka shp\u00ebrthyer nj\u00eb transformator elektrik.<\/p>\n<p>Si pasoj\u00eb e shp\u00ebrthimit kan\u00eb mbetur t\u00eb d\u00ebmtuar 3 punonj\u00ebs e k\u00ebtij objekti\u00a0 shtetasit GJ. S, S. \u00c7 dhe F. \u00c7 t\u00eb cil\u00ebt u d\u00ebrguan n\u00eb spital p\u00ebr ndihm\u00eb mjeksore.<\/p>\n<p>Grupi hetimor ndodhet n\u00eb vendngjarje dhe po vijon pun\u00ebn p\u00ebr sqarimin e metejsh\u00ebm t\u00eb rrethanave t\u00eb ngjarjes.<\/p>\n<p>&nbsp;<\/p>\n<p>&nbsp;<\/p>","protected":false},"excerpt":{"rendered":"<p>&nbsp; Nj\u00eb ngjarj\u00eb \u00eb r\u00ebnd\u00eb ka ndodhur gjat\u00eb dit\u00ebs s\u00eb sotme kur shp\u00ebrtheu nj\u00eb transformator n\u00eb Tiran\u00eb n\u00eb nj\u00eb biznes. Nd\u00ebrkoh\u00eb m\u00ebsohet \u00a0se nj\u00ebri nga t\u00eb plagosurit ka nd\u00ebrruar jet\u00eb n\u00eb spital si pasoj\u00eb e pleg\u00ebve t\u00eb marra. Ngjarja ndodhi rreth or\u00ebs 12:00 n\u00eb af\u00ebrsi t\u00eb nj\u00eb objekti n\u00eb rekonstruksion. Te plagosurit jan\u00eb punonj\u00ebs t\u00eb [&hellip;]<\/p>\n","protected":false},"author":2013,"featured_media":38161,"comment_status":"open","ping_status":"closed","sticky":false,"template":"","format":"standard","meta":{"footnotes":""},"categories":[241,235],"tags":[],"class_list":{"0":"post-98475","1":"post","2":"type-post","3":"status-publish","4":"format-standard","5":"has-post-thumbnail","7":"category-aktualitet","8":"category-vendi"},"_links":{"self":[{"href":"https:\/\/zjarr.tv\/en\/wp-json\/wp\/v2\/posts\/98475","targetHints":{"allow":["GET"]}}],"collection":[{"href":"https:\/\/zjarr.tv\/en\/wp-json\/wp\/v2\/posts"}],"about":[{"href":"https:\/\/zjarr.tv\/en\/wp-json\/wp\/v2\/types\/post"}],"author":[{"embeddable":true,"href":"https:\/\/zjarr.tv\/en\/wp-json\/wp\/v2\/users\/2013"}],"replies":[{"embeddable":true,"href":"https:\/\/zjarr.tv\/en\/wp-json\/wp\/v2\/comments?post=98475"}],"version-history":[{"count":0,"href":"https:\/\/zjarr.tv\/en\/wp-json\/wp\/v2\/posts\/98475\/revisions"}],"wp:featuredmedia":[{"embeddable":true,"href":"https:\/\/zjarr.tv\/en\/wp-json\/wp\/v2\/media\/38161"}],"wp:attachment":[{"href":"https:\/\/zjarr.tv\/en\/wp-json\/wp\/v2\/media?parent=98475"}],"wp:term":[{"taxonomy":"category","embeddable":true,"href":"https:\/\/zjarr.tv\/en\/wp-json\/wp\/v2\/categories?post=98475"},{"taxonomy":"post_tag","embeddable":true,"href":"https:\/\/zjarr.tv\/en\/wp-json\/wp\/v2\/tags?post=98475"}],"curies":[{"name":"wp","href":"https:\/\/api.w.org\/{rel}","templated":true}]}}