{"id":98482,"date":"2019-07-25T14:08:24","date_gmt":"2019-07-25T12:08:24","guid":{"rendered":"https:\/\/zjarr.tv\/?p=98482"},"modified":"2019-07-25T14:08:24","modified_gmt":"2019-07-25T12:08:24","slug":"gjykata-konfirmon-luiza-mandin-kryetare-te-bashkise-libohove","status":"publish","type":"post","link":"https:\/\/zjarr.tv\/en\/gjykata-konfirmon-luiza-mandin-kryetare-te-bashkise-libohove\/","title":{"rendered":"Gjykata konfirmon Luiza Mandin kryetare t\u00eb Bashkis\u00eb Libohov\u00eb"},"content":{"rendered":"<p>&nbsp;<\/p>\n<p>Gjykata e Gjirokastr\u00ebs ka konfirmuar sot mandatin e Luiza Mandit n\u00eb krye t\u00eb Bashkis\u00eb Libohov\u00eb. N\u00eb zgjedhje te 30 qershorit, Mandi \u00ebsht\u00eb shpallur fituese me 1275 vota t\u00eb vlefshme nga 1369 t\u00eb hedhura m\u00eb kuti.<\/p>\n<p>Nd\u00ebrkoh\u00eb nes\u00ebr Kolegji Zgjedhor pritet t\u00eb marr\u00eb vendim p\u00ebr K\u00ebshillin Bashkiak t\u00eb Libohov\u00ebs, shumic\u00ebn e t\u00eb cilit e ka Partia Socialiste. Bindja Demokratike e Astrit Patozit ka marr\u00eb nj\u00eb k\u00ebshilltar, nd\u00ebrsa Demokracia Sociale e Paskal Milos ka marr\u00eb dy k\u00ebshilltar\u00eb.<\/p>\n<p>&nbsp;<\/p>","protected":false},"excerpt":{"rendered":"<p>&nbsp; Gjykata e Gjirokastr\u00ebs ka konfirmuar sot mandatin e Luiza Mandit n\u00eb krye t\u00eb Bashkis\u00eb Libohov\u00eb. N\u00eb zgjedhje te 30 qershorit, Mandi \u00ebsht\u00eb shpallur fituese me 1275 vota t\u00eb vlefshme nga 1369 t\u00eb hedhura m\u00eb kuti. Nd\u00ebrkoh\u00eb nes\u00ebr Kolegji Zgjedhor pritet t\u00eb marr\u00eb vendim p\u00ebr K\u00ebshillin Bashkiak t\u00eb Libohov\u00ebs, shumic\u00ebn e t\u00eb cilit e ka [&hellip;]<\/p>\n","protected":false},"author":2013,"featured_media":98483,"comment_status":"open","ping_status":"closed","sticky":false,"template":"","format":"standard","meta":{"footnotes":""},"categories":[241,235],"tags":[],"class_list":{"0":"post-98482","1":"post","2":"type-post","3":"status-publish","4":"format-standard","5":"has-post-thumbnail","7":"category-aktualitet","8":"category-vendi"},"_links":{"self":[{"href":"https:\/\/zjarr.tv\/en\/wp-json\/wp\/v2\/posts\/98482","targetHints":{"allow":["GET"]}}],"collection":[{"href":"https:\/\/zjarr.tv\/en\/wp-json\/wp\/v2\/posts"}],"about":[{"href":"https:\/\/zjarr.tv\/en\/wp-json\/wp\/v2\/types\/post"}],"author":[{"embeddable":true,"href":"https:\/\/zjarr.tv\/en\/wp-json\/wp\/v2\/users\/2013"}],"replies":[{"embeddable":true,"href":"https:\/\/zjarr.tv\/en\/wp-json\/wp\/v2\/comments?post=98482"}],"version-history":[{"count":0,"href":"https:\/\/zjarr.tv\/en\/wp-json\/wp\/v2\/posts\/98482\/revisions"}],"wp:featuredmedia":[{"embeddable":true,"href":"https:\/\/zjarr.tv\/en\/wp-json\/wp\/v2\/media\/98483"}],"wp:attachment":[{"href":"https:\/\/zjarr.tv\/en\/wp-json\/wp\/v2\/media?parent=98482"}],"wp:term":[{"taxonomy":"category","embeddable":true,"href":"https:\/\/zjarr.tv\/en\/wp-json\/wp\/v2\/categories?post=98482"},{"taxonomy":"post_tag","embeddable":true,"href":"https:\/\/zjarr.tv\/en\/wp-json\/wp\/v2\/tags?post=98482"}],"curies":[{"name":"wp","href":"https:\/\/api.w.org\/{rel}","templated":true}]}}