{"id":98516,"date":"2019-07-25T15:13:01","date_gmt":"2019-07-25T13:13:01","guid":{"rendered":"https:\/\/zjarr.tv\/?p=98516"},"modified":"2019-07-25T15:13:01","modified_gmt":"2019-07-25T13:13:01","slug":"korce-at-e-bir-arrestohen-se-kundershtuan-me-dhune-nje-polic","status":"publish","type":"post","link":"https:\/\/zjarr.tv\/en\/korce-at-e-bir-arrestohen-se-kundershtuan-me-dhune-nje-polic\/","title":{"rendered":"Kor\u00e7\u00eb, at e bir arrestohen se kund\u00ebrshtuan me dhun\u00eb nj\u00eb polic"},"content":{"rendered":"<p>&nbsp;<\/p>\n<p>At e bir n\u00eb Kor\u00e7\u00eb kund\u00ebrshtojn\u00eb me dhun\u00eb oficer\u00ebt e Policis\u00eb Gjyq\u00ebsore dhe p\u00ebrfundojn\u00eb n\u00eb pranga.<\/p>\n<p>A.J, 22 vje\u00e7 dhe R.J, 49 vje\u00e7, banues n\u00eb fshatin Voskop, mbr\u00ebmjen e djeshme kan\u00eb kund\u00ebrshtuar me dhun\u00eb p\u00ebr shkak t\u00eb detyr\u00ebs, dy oficer\u00eb t\u00eb Policis\u00eb Gjyq\u00ebsore, n\u00eb ambientet e Komisariatit ku shtetasi A.J, ndodhej i shoq\u00ebruar si i dyshuar p\u00ebr kryerjen e nj\u00eb vepre penale.<\/p>\n<p>Materialet n\u00eb ngarkim t\u00eb tyre i kaluan Prokuroris\u00eb pran\u00eb Gjykat\u00ebs se Shkall\u00ebs s\u00eb Par\u00eb Kor\u00e7\u00eb p\u00ebr veprime t\u00eb m\u00ebtejshme.<\/p>\n<p>&nbsp;<\/p>","protected":false},"excerpt":{"rendered":"<p>&nbsp; At e bir n\u00eb Kor\u00e7\u00eb kund\u00ebrshtojn\u00eb me dhun\u00eb oficer\u00ebt e Policis\u00eb Gjyq\u00ebsore dhe p\u00ebrfundojn\u00eb n\u00eb pranga. A.J, 22 vje\u00e7 dhe R.J, 49 vje\u00e7, banues n\u00eb fshatin Voskop, mbr\u00ebmjen e djeshme kan\u00eb kund\u00ebrshtuar me dhun\u00eb p\u00ebr shkak t\u00eb detyr\u00ebs, dy oficer\u00eb t\u00eb Policis\u00eb Gjyq\u00ebsore, n\u00eb ambientet e Komisariatit ku shtetasi A.J, ndodhej i shoq\u00ebruar si [&hellip;]<\/p>\n","protected":false},"author":2013,"featured_media":98517,"comment_status":"open","ping_status":"closed","sticky":false,"template":"","format":"standard","meta":{"footnotes":""},"categories":[241,235],"tags":[],"class_list":{"0":"post-98516","1":"post","2":"type-post","3":"status-publish","4":"format-standard","5":"has-post-thumbnail","7":"category-aktualitet","8":"category-vendi"},"_links":{"self":[{"href":"https:\/\/zjarr.tv\/en\/wp-json\/wp\/v2\/posts\/98516","targetHints":{"allow":["GET"]}}],"collection":[{"href":"https:\/\/zjarr.tv\/en\/wp-json\/wp\/v2\/posts"}],"about":[{"href":"https:\/\/zjarr.tv\/en\/wp-json\/wp\/v2\/types\/post"}],"author":[{"embeddable":true,"href":"https:\/\/zjarr.tv\/en\/wp-json\/wp\/v2\/users\/2013"}],"replies":[{"embeddable":true,"href":"https:\/\/zjarr.tv\/en\/wp-json\/wp\/v2\/comments?post=98516"}],"version-history":[{"count":0,"href":"https:\/\/zjarr.tv\/en\/wp-json\/wp\/v2\/posts\/98516\/revisions"}],"wp:featuredmedia":[{"embeddable":true,"href":"https:\/\/zjarr.tv\/en\/wp-json\/wp\/v2\/media\/98517"}],"wp:attachment":[{"href":"https:\/\/zjarr.tv\/en\/wp-json\/wp\/v2\/media?parent=98516"}],"wp:term":[{"taxonomy":"category","embeddable":true,"href":"https:\/\/zjarr.tv\/en\/wp-json\/wp\/v2\/categories?post=98516"},{"taxonomy":"post_tag","embeddable":true,"href":"https:\/\/zjarr.tv\/en\/wp-json\/wp\/v2\/tags?post=98516"}],"curies":[{"name":"wp","href":"https:\/\/api.w.org\/{rel}","templated":true}]}}