{"id":98520,"date":"2019-07-25T19:30:47","date_gmt":"2019-07-25T17:30:47","guid":{"rendered":"https:\/\/zjarr.tv\/?p=98520"},"modified":"2019-07-25T15:15:17","modified_gmt":"2019-07-25T13:15:17","slug":"hahn-tetori-vendimtar-per-shkupin","status":"publish","type":"post","link":"https:\/\/zjarr.tv\/en\/hahn-tetori-vendimtar-per-shkupin\/","title":{"rendered":"Hahn: Tetori vendimtar p\u00ebr Shkupin"},"content":{"rendered":"<p>&nbsp;<\/p>\n<p>Maqedonia e Veriut mund t\u00eb ket\u00eb nj\u00eb rrug\u00eb m\u00eb t\u00eb leht\u00eb sesa Shqip\u00ebria n\u00eb procesin e negociatave t\u00eb an\u00ebtar\u00ebsimit n\u00eb muajin tetor, pasi ka p\u00ebrmbushur t\u00eb gjitha k\u00ebrkesat e Bashkimit Europian dhe ka arritur marr\u00ebveshje historike.<\/p>\n<p>Deklarata u b\u00eb t\u00eb enjten nga komisionieri p\u00ebr politikat e fqinj\u00ebsis\u00eb dhe zgjerimit, Johanes Hahn, n\u00eb konferenc\u00ebn p\u00ebr shtyp me kryeministrin maqedonas, Zoran Zaev.<\/p>\n<p>Zyrtari europian ndodhet n\u00eb Shkup p\u00ebr t\u00eb diskutuar ecurin\u00eb e reformave n\u00eb drejt\u00ebsi dhe ligjin e ndryshuar p\u00ebr prokurorin\u00eb.<\/p>\n<p><strong>Johanes Hahn: &#8220;<\/strong><em>Maqedonia Veriore ka punuar me mund dhe \u00ebsht\u00eb koha q\u00eb lider\u00ebt evropiane ta pranojn\u00eb k\u00ebt\u00eb. Jeni af\u00ebr marrjes s\u00eb nj\u00eb hapi t\u00eb madh n\u00eb tetor. Por \u00ebsht\u00eb e r\u00ebnd\u00ebsishme q\u00eb t\u00eb vazhdoni me reformat dhe q\u00eb t\u00eb sundoj\u00eb e drejta. Korrupsioni dhe krimi i organizuar jan\u00eb pikat kryesore ku duhet t\u00eb fokusoheni.&#8221;<\/em><\/p>\n<p>Kreu i qeveris\u00eb, Zaev, tha se vizita e Hahn n\u00eb Shkup sh\u00ebnon faz\u00ebn e fundit p\u00ebr fillimin e negociatave.<\/p>\n<p><strong>Zaev:\u00a0<\/strong>&#8220;N\u00eb tetor presim nga BE-ja q\u00eb t\u00eb mbaj\u00eb fjal\u00ebn dhe Maqedonis\u00eb s\u00eb Veriut t&#8217;i hapen negociatat. Ne na mbetet deri n\u00eb tetor t\u00eb sheshojm\u00eb procesin e reformave, t\u00eb mos u japim arsye askujt q\u00eb t\u00eb v\u00eb n\u00eb dyshim q\u00ebllimin ton\u00eb strategjik n\u00eb procesin e eurointegrimit.&#8221;<\/p>\n<p>Dy zyrtar\u00ebt ftuan pal\u00ebt politike maqedonase t\u00eb jen\u00eb t\u00eb hapura p\u00ebr bashk\u00ebpunim p\u00ebr objektivin e p\u00ebrbashk\u00ebt.<\/p>\n<p>Pas takimeve me presidentin e vendit, Stevo Pendarovski, pjes\u00ebtar\u00eb t\u00eb kabinetit qeveritar dhe me lider\u00eb t\u00eb partive opozitare, Hahn t\u00eb premten dhe t\u00eb shtun\u00ebn do t\u00eb vizitoj\u00eb Beogradin.<\/p>\n<p>N\u00eb tryza me presidentin Vu\u00e7i\u00e7 apo kryeministren e vendit pritet t\u00eb trajtohet edhe tema e dialogut Kosov\u00eb-Serbi.<\/p>\n<p>&nbsp;<\/p>","protected":false},"excerpt":{"rendered":"<p>&nbsp; Maqedonia e Veriut mund t\u00eb ket\u00eb nj\u00eb rrug\u00eb m\u00eb t\u00eb leht\u00eb sesa Shqip\u00ebria n\u00eb procesin e negociatave t\u00eb an\u00ebtar\u00ebsimit n\u00eb muajin tetor, pasi ka p\u00ebrmbushur t\u00eb gjitha k\u00ebrkesat e Bashkimit Europian dhe ka arritur marr\u00ebveshje historike. Deklarata u b\u00eb t\u00eb enjten nga komisionieri p\u00ebr politikat e fqinj\u00ebsis\u00eb dhe zgjerimit, Johanes Hahn, n\u00eb konferenc\u00ebn p\u00ebr [&hellip;]<\/p>\n","protected":false},"author":2013,"featured_media":62692,"comment_status":"open","ping_status":"closed","sticky":false,"template":"","format":"standard","meta":{"footnotes":""},"categories":[241,2],"tags":[],"class_list":{"0":"post-98520","1":"post","2":"type-post","3":"status-publish","4":"format-standard","5":"has-post-thumbnail","7":"category-aktualitet","8":"category-rajoni"},"_links":{"self":[{"href":"https:\/\/zjarr.tv\/en\/wp-json\/wp\/v2\/posts\/98520","targetHints":{"allow":["GET"]}}],"collection":[{"href":"https:\/\/zjarr.tv\/en\/wp-json\/wp\/v2\/posts"}],"about":[{"href":"https:\/\/zjarr.tv\/en\/wp-json\/wp\/v2\/types\/post"}],"author":[{"embeddable":true,"href":"https:\/\/zjarr.tv\/en\/wp-json\/wp\/v2\/users\/2013"}],"replies":[{"embeddable":true,"href":"https:\/\/zjarr.tv\/en\/wp-json\/wp\/v2\/comments?post=98520"}],"version-history":[{"count":0,"href":"https:\/\/zjarr.tv\/en\/wp-json\/wp\/v2\/posts\/98520\/revisions"}],"wp:featuredmedia":[{"embeddable":true,"href":"https:\/\/zjarr.tv\/en\/wp-json\/wp\/v2\/media\/62692"}],"wp:attachment":[{"href":"https:\/\/zjarr.tv\/en\/wp-json\/wp\/v2\/media?parent=98520"}],"wp:term":[{"taxonomy":"category","embeddable":true,"href":"https:\/\/zjarr.tv\/en\/wp-json\/wp\/v2\/categories?post=98520"},{"taxonomy":"post_tag","embeddable":true,"href":"https:\/\/zjarr.tv\/en\/wp-json\/wp\/v2\/tags?post=98520"}],"curies":[{"name":"wp","href":"https:\/\/api.w.org\/{rel}","templated":true}]}}