{"id":98562,"date":"2019-07-25T15:47:20","date_gmt":"2019-07-25T13:47:20","guid":{"rendered":"https:\/\/zjarr.tv\/?p=98562"},"modified":"2019-07-25T15:47:20","modified_gmt":"2019-07-25T13:47:20","slug":"qetesohen-banoret-e-kukesit-uji-i-pijshem-eshte-i-paster","status":"publish","type":"post","link":"https:\/\/zjarr.tv\/en\/qetesohen-banoret-e-kukesit-uji-i-pijshem-eshte-i-paster\/","title":{"rendered":"Qet\u00ebsohen banor\u00ebt e Kuk\u00ebsit, uji i pijsh\u00ebm \u00ebsht\u00eb i past\u00ebr"},"content":{"rendered":"<p>&nbsp;<\/p>\n<p>Uji n\u00eb Kuk\u00ebs \u00ebsht\u00eb i past\u00ebr dhe i pijsh\u00ebm pa asnj\u00eb rrezik.<\/p>\n<p>Nj\u00ebsia vendore e Kujdesit sh\u00ebndet\u00ebsor ka qet\u00ebsuar banor\u00ebt e verilindjes, ku ishte krijuar nj\u00eb situat\u00eb gati paniku se uji n\u00eb disa lagje ishte ndotur.<\/p>\n<p>Shkak p\u00ebr rritjen e shqet\u00ebsimit, u b\u00eb fluksi i shtuar i banor\u00ebve q\u00eb kishin k\u00ebrkuar ndihm\u00eb mjek\u00ebsore me simptoma helmimi, por m\u00eb s\u00eb shumti raportime t\u00eb pakonfirmuar n\u00eb rrjetet sociale se shkak ishte uji.<\/p>\n<p>Por analizat kan\u00eb treguar se uji \u00ebsht\u00eb brenda parametrave p\u00ebr konsum.<\/p>\n<p>Mjekja Denisa Duraku:\u00a0&#8220;Absolutisht uji \u00ebsht\u00eb i past\u00ebr. Klori \u00ebsht\u00eb b\u00ebr\u00eb nga uj\u00ebsjell\u00ebsi dhe \u00ebsht\u00eb n\u00eb nivelet e duhura. Kontrolli \u00ebsht\u00eb i shtuar dhe nuk ka arsye p\u00ebr panik.&#8221;<\/p>\n<p>P\u00ebr mjek\u00ebt e Kuk\u00ebsit lidhet me virozat e stin\u00ebs por dhe helmime nga shkaqe q\u00eb lidhen me stin\u00ebn e ver\u00ebs.<\/p>\n<p>Mjek\u00ebt k\u00ebshillojn\u00eb \u00a0qytetar\u00ebt duhet q\u00ebndrojn\u00eb n\u00eb vende t\u00eb fresk\u00ebta si dhe t\u00eb ken\u00eb kujdes me ushqimet q\u00eb konsumojn\u00eb gjat\u00eb k\u00ebsaj periudhe.<\/p>\n<p>&nbsp;<\/p>","protected":false},"excerpt":{"rendered":"<p>&nbsp; Uji n\u00eb Kuk\u00ebs \u00ebsht\u00eb i past\u00ebr dhe i pijsh\u00ebm pa asnj\u00eb rrezik. Nj\u00ebsia vendore e Kujdesit sh\u00ebndet\u00ebsor ka qet\u00ebsuar banor\u00ebt e verilindjes, ku ishte krijuar nj\u00eb situat\u00eb gati paniku se uji n\u00eb disa lagje ishte ndotur. Shkak p\u00ebr rritjen e shqet\u00ebsimit, u b\u00eb fluksi i shtuar i banor\u00ebve q\u00eb kishin k\u00ebrkuar ndihm\u00eb mjek\u00ebsore me [&hellip;]<\/p>\n","protected":false},"author":2013,"featured_media":0,"comment_status":"open","ping_status":"closed","sticky":false,"template":"","format":"standard","meta":{"footnotes":""},"categories":[241,235],"tags":[],"class_list":{"0":"post-98562","1":"post","2":"type-post","3":"status-publish","4":"format-standard","6":"category-aktualitet","7":"category-vendi"},"_links":{"self":[{"href":"https:\/\/zjarr.tv\/en\/wp-json\/wp\/v2\/posts\/98562","targetHints":{"allow":["GET"]}}],"collection":[{"href":"https:\/\/zjarr.tv\/en\/wp-json\/wp\/v2\/posts"}],"about":[{"href":"https:\/\/zjarr.tv\/en\/wp-json\/wp\/v2\/types\/post"}],"author":[{"embeddable":true,"href":"https:\/\/zjarr.tv\/en\/wp-json\/wp\/v2\/users\/2013"}],"replies":[{"embeddable":true,"href":"https:\/\/zjarr.tv\/en\/wp-json\/wp\/v2\/comments?post=98562"}],"version-history":[{"count":0,"href":"https:\/\/zjarr.tv\/en\/wp-json\/wp\/v2\/posts\/98562\/revisions"}],"wp:attachment":[{"href":"https:\/\/zjarr.tv\/en\/wp-json\/wp\/v2\/media?parent=98562"}],"wp:term":[{"taxonomy":"category","embeddable":true,"href":"https:\/\/zjarr.tv\/en\/wp-json\/wp\/v2\/categories?post=98562"},{"taxonomy":"post_tag","embeddable":true,"href":"https:\/\/zjarr.tv\/en\/wp-json\/wp\/v2\/tags?post=98562"}],"curies":[{"name":"wp","href":"https:\/\/api.w.org\/{rel}","templated":true}]}}