{"id":98576,"date":"2019-07-25T21:50:34","date_gmt":"2019-07-25T19:50:34","guid":{"rendered":"https:\/\/zjarr.tv\/?p=98576"},"modified":"2019-07-25T16:16:58","modified_gmt":"2019-07-25T14:16:58","slug":"vilson-ndregjoni-fenomeni-i-ri-i-mma","status":"publish","type":"post","link":"https:\/\/zjarr.tv\/en\/vilson-ndregjoni-fenomeni-i-ri-i-mma\/","title":{"rendered":"Vilson Ndregjoni, fenomeni i ri i MMA"},"content":{"rendered":"<p>&nbsp;<\/p>\n<p>Dikur konsiderohej si nj\u00eb nga mund\u00ebsit m\u00eb premtues n\u00eb Shqip\u00ebri: 4 her\u00eb kampion komb\u00ebtar n\u00eb vitet 2009-2011, n\u00eb stilin e lir\u00eb. Kampion p\u00ebr t\u00eb rritur n\u00eb pesh\u00ebn 65 kg nga viti 2011 deri n\u00eb vitin 2015. Vendi i 5-t\u00eb n\u00eb Europian p\u00ebr t\u00eb rinj. 4 her\u00eb p\u00ebrfaq\u00ebsueses i Shqip\u00ebris\u00eb n\u00eb Bot\u00ebror dhe 4 her\u00eb n\u00eb Europian, b\u00ebhet fjal\u00eb p\u00ebr Vilson Ndregjonin, mund\u00ebsin nga Dibra i cili n\u00eb pamund\u00ebsi p\u00ebr t\u00eb arritur maksimumin n\u00eb \u201ctok\u00ebn e shqiponjave\u201d u shp\u00ebrngul n\u00eb SHBA n\u00eb k\u00ebrkim t\u00eb \u00ebndrr\u00ebs s\u00eb madhe.<\/p>\n<p>Pa harruar kurr\u00eb se nga vjen, gjithnj\u00eb i shoq\u00ebruar nga simbolet komb\u00ebtare, Vilson Ndregjoni nuk e kishte t\u00eb v\u00ebshtir\u00eb t\u00eb t\u00ebrhiqte v\u00ebmendjen fal\u00eb aft\u00ebsive t\u00eb tij.<\/p>\n<p>Me mb\u00ebshtetjen dhe menaxhimin e kompanis\u00eb \u201cAVI Sports Management\u201d, n\u00eb 2018, Ndregjoni debutoi p\u00ebr her\u00eb t\u00eb par\u00eb n\u00eb MMA, ku regjistroi 4 fitore dhe 1 humbje.<\/p>\n<p>M\u00eb 15 qershor 2019 debutoi n\u00eb lig\u00ebn profesionale n\u00eb MMA ku i mjaftuan 1 min e 3 sek p\u00ebr t\u00eb hedhur n\u00eb tapet kund\u00ebrshtarin. Paraqitja shp\u00ebrthyese e mund\u00ebsit nga Dibra ka r\u00ebn\u00eb n\u00eb pah t\u00eb organizator\u00ebve t\u00eb UFC t\u00eb cil\u00ebt k\u00ebrkojn\u00eb q\u00eb Ndregjoni t\u00eb jet\u00eb pjes\u00eb e tyre brenda vitit 2020, nj\u00eb arritje q\u00eb do t\u00eb ishte shum\u00eb, par\u00eb her\u00eb t\u00eb par\u00eb p\u00ebr nj\u00eb sportist shqiptar q\u00eb do t\u00eb ishte pjes\u00eb e UFC.<\/p>\n<p>&nbsp;<\/p>","protected":false},"excerpt":{"rendered":"<p>&nbsp; Dikur konsiderohej si nj\u00eb nga mund\u00ebsit m\u00eb premtues n\u00eb Shqip\u00ebri: 4 her\u00eb kampion komb\u00ebtar n\u00eb vitet 2009-2011, n\u00eb stilin e lir\u00eb. Kampion p\u00ebr t\u00eb rritur n\u00eb pesh\u00ebn 65 kg nga viti 2011 deri n\u00eb vitin 2015. Vendi i 5-t\u00eb n\u00eb Europian p\u00ebr t\u00eb rinj. 4 her\u00eb p\u00ebrfaq\u00ebsueses i Shqip\u00ebris\u00eb n\u00eb Bot\u00ebror dhe 4 her\u00eb [&hellip;]<\/p>\n","protected":false},"author":2013,"featured_media":98577,"comment_status":"open","ping_status":"closed","sticky":false,"template":"","format":"standard","meta":{"footnotes":""},"categories":[241,192],"tags":[],"class_list":{"0":"post-98576","1":"post","2":"type-post","3":"status-publish","4":"format-standard","5":"has-post-thumbnail","7":"category-aktualitet","8":"category-sport"},"_links":{"self":[{"href":"https:\/\/zjarr.tv\/en\/wp-json\/wp\/v2\/posts\/98576","targetHints":{"allow":["GET"]}}],"collection":[{"href":"https:\/\/zjarr.tv\/en\/wp-json\/wp\/v2\/posts"}],"about":[{"href":"https:\/\/zjarr.tv\/en\/wp-json\/wp\/v2\/types\/post"}],"author":[{"embeddable":true,"href":"https:\/\/zjarr.tv\/en\/wp-json\/wp\/v2\/users\/2013"}],"replies":[{"embeddable":true,"href":"https:\/\/zjarr.tv\/en\/wp-json\/wp\/v2\/comments?post=98576"}],"version-history":[{"count":0,"href":"https:\/\/zjarr.tv\/en\/wp-json\/wp\/v2\/posts\/98576\/revisions"}],"wp:featuredmedia":[{"embeddable":true,"href":"https:\/\/zjarr.tv\/en\/wp-json\/wp\/v2\/media\/98577"}],"wp:attachment":[{"href":"https:\/\/zjarr.tv\/en\/wp-json\/wp\/v2\/media?parent=98576"}],"wp:term":[{"taxonomy":"category","embeddable":true,"href":"https:\/\/zjarr.tv\/en\/wp-json\/wp\/v2\/categories?post=98576"},{"taxonomy":"post_tag","embeddable":true,"href":"https:\/\/zjarr.tv\/en\/wp-json\/wp\/v2\/tags?post=98576"}],"curies":[{"name":"wp","href":"https:\/\/api.w.org\/{rel}","templated":true}]}}