{"id":98604,"date":"2019-07-25T17:46:58","date_gmt":"2019-07-25T15:46:58","guid":{"rendered":"https:\/\/zjarr.tv\/?p=98604"},"modified":"2019-07-25T17:46:58","modified_gmt":"2019-07-25T15:46:58","slug":"ja-oraret-dhe-zonat-qe-do-te-mbeten-pa-energji-ne-datat-26-27-korrik-ne-tirane","status":"publish","type":"post","link":"https:\/\/zjarr.tv\/en\/ja-oraret-dhe-zonat-qe-do-te-mbeten-pa-energji-ne-datat-26-27-korrik-ne-tirane\/","title":{"rendered":"Ja oraret dhe zonat q\u00eb do t\u00eb mbeten pa energji n\u00eb datat 26-27 korrik n\u00eb Tiran\u00eb"},"content":{"rendered":"<p>&nbsp;<\/p>\n<p>&nbsp;<\/p>\n<p>Dit\u00ebn e premte dhe t\u00eb shtun\u00eb, disa zona n\u00eb Tiran\u00eb do t\u00eb p\u00ebrballen s\u00ebrish me nd\u00ebrprerje t\u00eb energjis\u00eb, kjo p\u00ebr shkak t\u00eb remonteve q\u00eb po nd\u00ebrrmerr OSSHE.<\/p>\n<p>N\u00eb nj\u00eb njoftim p\u00ebr shtyp OSSHE ka b\u00ebr\u00eb publik edhe grafikun e nd\u00ebrprerjeve m\u00eb datat 26-27 korrik n\u00eb disa zona t\u00eb Tiran\u00ebs.<\/p>\n<p>Njoftim p\u00ebr abonent\u00ebt Tiran\u00eb<\/p>\n<p>Data 26-27 KORRIK<\/p>\n<p>P\u00ebr shkak t\u00eb punimeve p\u00ebr rikonstruksionin e kabinave, n\u00eb datat 26-27 korrik do t\u00eb stakohet energjia n\u00eb disa zona n\u00eb Tiran\u00eb<\/p>\n<p>26 KORRIK<\/p>\n<p>08.30-13.00<\/p>\n<p>rruga \u201cProkop Mima\u201d, rruga \u201cMerdar Shtylla\u201d<\/p>\n<p>9:30-15:00<\/p>\n<p>rruga \u201cMine Peza\u201d, rruga \u201cHaxhi Hysen Dalliu\u201d<\/p>\n<p>9:30-12:00<\/p>\n<p>rruga \u201cBesim Daja\u201d, rruga \u201cFerit Xhajko\u201d<\/p>\n<p>12:00-15:00<\/p>\n<p>rruga \u201c5 Maji\u201d<\/p>\n<p>09:00-12:00<\/p>\n<p>rruga \u201cAgallia Tako\u201d<\/p>\n<p>09:00-16:00<\/p>\n<p>rruga \u201cNjazi Meka\u201d<\/p>\n<p>09:00-12:00<\/p>\n<p>rruga \u201cShyqyri Peza\u201d<\/p>\n<p>09:00- 15:00<\/p>\n<p>Rruga e Elbasanit, p\u00ebrball\u00eb me Fakultetin e Ekonomikut, rruga e Barikadave, rruga \u201cLudovik Shllaku\u201d, rruga \u201cSokrat Miho\u201d, zona Fush\u00eb M\u00ebzez<\/p>\n<p>27 KORRIK<\/p>\n<p>9:30-15:00<\/p>\n<p>rruga \u201cSiri Kodra\u201d,\u00a0 rruga \u201cReshit Petrela\u201d<\/p>\n<p>9:30 -15:00<\/p>\n<p>rruga \u201cMine Peza\u201d, rruga \u201cHaxhi Hysen Dalliu\u201d<\/p>\n<p>9:30-15:00<\/p>\n<p>rruga \u201cJordan Misja\u201d<\/p>\n<p>&nbsp;<\/p>","protected":false},"excerpt":{"rendered":"<p>&nbsp; &nbsp; Dit\u00ebn e premte dhe t\u00eb shtun\u00eb, disa zona n\u00eb Tiran\u00eb do t\u00eb p\u00ebrballen s\u00ebrish me nd\u00ebrprerje t\u00eb energjis\u00eb, kjo p\u00ebr shkak t\u00eb remonteve q\u00eb po nd\u00ebrrmerr OSSHE. N\u00eb nj\u00eb njoftim p\u00ebr shtyp OSSHE ka b\u00ebr\u00eb publik edhe grafikun e nd\u00ebrprerjeve m\u00eb datat 26-27 korrik n\u00eb disa zona t\u00eb Tiran\u00ebs. Njoftim p\u00ebr abonent\u00ebt Tiran\u00eb [&hellip;]<\/p>\n","protected":false},"author":2013,"featured_media":53743,"comment_status":"open","ping_status":"closed","sticky":false,"template":"","format":"standard","meta":{"footnotes":""},"categories":[241,235],"tags":[],"class_list":{"0":"post-98604","1":"post","2":"type-post","3":"status-publish","4":"format-standard","5":"has-post-thumbnail","7":"category-aktualitet","8":"category-vendi"},"_links":{"self":[{"href":"https:\/\/zjarr.tv\/en\/wp-json\/wp\/v2\/posts\/98604","targetHints":{"allow":["GET"]}}],"collection":[{"href":"https:\/\/zjarr.tv\/en\/wp-json\/wp\/v2\/posts"}],"about":[{"href":"https:\/\/zjarr.tv\/en\/wp-json\/wp\/v2\/types\/post"}],"author":[{"embeddable":true,"href":"https:\/\/zjarr.tv\/en\/wp-json\/wp\/v2\/users\/2013"}],"replies":[{"embeddable":true,"href":"https:\/\/zjarr.tv\/en\/wp-json\/wp\/v2\/comments?post=98604"}],"version-history":[{"count":0,"href":"https:\/\/zjarr.tv\/en\/wp-json\/wp\/v2\/posts\/98604\/revisions"}],"wp:featuredmedia":[{"embeddable":true,"href":"https:\/\/zjarr.tv\/en\/wp-json\/wp\/v2\/media\/53743"}],"wp:attachment":[{"href":"https:\/\/zjarr.tv\/en\/wp-json\/wp\/v2\/media?parent=98604"}],"wp:term":[{"taxonomy":"category","embeddable":true,"href":"https:\/\/zjarr.tv\/en\/wp-json\/wp\/v2\/categories?post=98604"},{"taxonomy":"post_tag","embeddable":true,"href":"https:\/\/zjarr.tv\/en\/wp-json\/wp\/v2\/tags?post=98604"}],"curies":[{"name":"wp","href":"https:\/\/api.w.org\/{rel}","templated":true}]}}