{"id":98625,"date":"2019-07-26T12:38:26","date_gmt":"2019-07-26T10:38:26","guid":{"rendered":"https:\/\/zjarr.tv\/?p=98625"},"modified":"2019-07-26T12:38:26","modified_gmt":"2019-07-26T10:38:26","slug":"aksident-ne-elbasan-metalurgjik-perplasen-dy-makina","status":"publish","type":"post","link":"https:\/\/zjarr.tv\/en\/aksident-ne-elbasan-metalurgjik-perplasen-dy-makina\/","title":{"rendered":"Aksident n\u00eb Elbasan-Metalurgjik, p\u00ebrplasen dy makina"},"content":{"rendered":"<p>&nbsp;<\/p>\n<p>N\u00eb aksin rrugor Elbasan-Metalurgji ka ndodhur nj\u00eb aksident automobilistik sot n\u00eb m\u00ebngjes.<\/p>\n<p>Nj\u00eb autovetur\u00eb tip \u2018Opel\u2019 \u00ebsht\u00eb p\u00ebrfshir\u00eb n\u00eb nj\u00eb p\u00ebrplasje me nj\u00eb automjet tjet\u00ebr.<\/p>\n<p>Nga kjo p\u00ebrplasje automjeti ka\u00a0 p\u00ebsuar d\u00ebmtime materiale, ku n\u00eb rrug\u00eb dalloheshin pjes\u00eb t\u00eb thyera xhami dhe plastike, krahas d\u00ebmtime t\u00eb tjera t\u00eb automjetit nga para.<\/p>\n<p>Nd\u00ebrkoh\u00eb nj\u00eb autoambulanc\u00eb u largua nga vendi i ngjarjes, me nj\u00eb person t\u00eb l\u00ebnduar.<\/p>\n<p>Forca t\u00eb policis\u00eb rrugore ishin n\u00eb vend p\u00ebr t\u00eb zbardhur shkaqet e aksidentit.<\/p>\n<p>&nbsp;<\/p>","protected":false},"excerpt":{"rendered":"<p>&nbsp; N\u00eb aksin rrugor Elbasan-Metalurgji ka ndodhur nj\u00eb aksident automobilistik sot n\u00eb m\u00ebngjes. Nj\u00eb autovetur\u00eb tip \u2018Opel\u2019 \u00ebsht\u00eb p\u00ebrfshir\u00eb n\u00eb nj\u00eb p\u00ebrplasje me nj\u00eb automjet tjet\u00ebr. Nga kjo p\u00ebrplasje automjeti ka\u00a0 p\u00ebsuar d\u00ebmtime materiale, ku n\u00eb rrug\u00eb dalloheshin pjes\u00eb t\u00eb thyera xhami dhe plastike, krahas d\u00ebmtime t\u00eb tjera t\u00eb automjetit nga para. Nd\u00ebrkoh\u00eb nj\u00eb autoambulanc\u00eb [&hellip;]<\/p>\n","protected":false},"author":2013,"featured_media":98626,"comment_status":"open","ping_status":"closed","sticky":false,"template":"","format":"standard","meta":{"footnotes":""},"categories":[241,235],"tags":[],"class_list":{"0":"post-98625","1":"post","2":"type-post","3":"status-publish","4":"format-standard","5":"has-post-thumbnail","7":"category-aktualitet","8":"category-vendi"},"_links":{"self":[{"href":"https:\/\/zjarr.tv\/en\/wp-json\/wp\/v2\/posts\/98625","targetHints":{"allow":["GET"]}}],"collection":[{"href":"https:\/\/zjarr.tv\/en\/wp-json\/wp\/v2\/posts"}],"about":[{"href":"https:\/\/zjarr.tv\/en\/wp-json\/wp\/v2\/types\/post"}],"author":[{"embeddable":true,"href":"https:\/\/zjarr.tv\/en\/wp-json\/wp\/v2\/users\/2013"}],"replies":[{"embeddable":true,"href":"https:\/\/zjarr.tv\/en\/wp-json\/wp\/v2\/comments?post=98625"}],"version-history":[{"count":0,"href":"https:\/\/zjarr.tv\/en\/wp-json\/wp\/v2\/posts\/98625\/revisions"}],"wp:featuredmedia":[{"embeddable":true,"href":"https:\/\/zjarr.tv\/en\/wp-json\/wp\/v2\/media\/98626"}],"wp:attachment":[{"href":"https:\/\/zjarr.tv\/en\/wp-json\/wp\/v2\/media?parent=98625"}],"wp:term":[{"taxonomy":"category","embeddable":true,"href":"https:\/\/zjarr.tv\/en\/wp-json\/wp\/v2\/categories?post=98625"},{"taxonomy":"post_tag","embeddable":true,"href":"https:\/\/zjarr.tv\/en\/wp-json\/wp\/v2\/tags?post=98625"}],"curies":[{"name":"wp","href":"https:\/\/api.w.org\/{rel}","templated":true}]}}