{"id":98651,"date":"2019-07-26T13:59:36","date_gmt":"2019-07-26T11:59:36","guid":{"rendered":"https:\/\/zjarr.tv\/?p=98651"},"modified":"2019-07-26T13:59:36","modified_gmt":"2019-07-26T11:59:36","slug":"ambasadori-spanjoll-shqiptare-mos-lejoni-te-qeveriseni-nga-ambasadore","status":"publish","type":"post","link":"https:\/\/zjarr.tv\/en\/ambasadori-spanjoll-shqiptare-mos-lejoni-te-qeveriseni-nga-ambasadore\/","title":{"rendered":"Ambasadori Spanjoll: Shqiptar\u00eb, mos lejoni t\u00eb qeveriseni nga ambasador\u00eb&#8230;"},"content":{"rendered":"<p>&nbsp;<\/p>\n<p>Ambasadori spanjoll n\u00eb vendin ton\u00eb,Vicente Canelles Montero ka komentuar nga Kor\u00e7a kriz\u00ebn politike n\u00eb vend.<\/p>\n<p>Ai ka deklaruar se duhet t\u00eb dialogojn\u00eb pal\u00ebt politike n\u00eb vend.<\/p>\n<p>\u201cShqip\u00ebria duhet t\u00eb vendos\u00eb vet\u00eb sesi t\u00eb dal\u00eb nga kjo kriz\u00eb. N\u00eb Spanj\u00eb situata t\u00eb tilla jan\u00eb zgjidhur me dialog pal\u00ebve. Ne ambasador\u00ebt jemi p\u00ebr t\u00eb v\u00ebzhguar jo p\u00ebr t\u00eb nd\u00ebrhyr\u00eb \u201d, ka deklaruar ai.<\/p>\n<p>Mesazhi i plot\u00eb i ambasadorit Vicente Canelles Montero:<\/p>\n<p>\u00cbsht\u00eb e v\u00ebrtet\u00eb q\u00eb situata politike n\u00eb Shqip\u00ebri \u00ebsht\u00eb e tensionuar por nuk jan\u00eb ambasador\u00ebt e huaj ata q\u00eb mund t\u00eb vendosin sesi mund t\u00eb kap\u00ebrcehet kjo gj\u00eb.<\/p>\n<p>Vet\u00ebm shqiptar\u00ebt mund t\u00eb vendosin, sigurisht duke respektuar ligjin, shtetin e t\u00eb drejt\u00ebs, kushtetut\u00ebs. Jeni ju ata q\u00eb duhet t\u00eb vendosni sesi mund t\u00eb dilni nga ky moment i v\u00ebshtir\u00eb.<\/p>\n<p>N\u00eb Spanj\u00eb kur kemi hasur momente t\u00eb tilla t\u00eb v\u00ebshtira ato jan\u00eb zgjidhur me dialog dhe me t\u00eb gjitha pal\u00ebt politike t\u00eb cilat jan\u00eb treguar t\u00eb gatshme p\u00ebr t\u00eb hequr dor\u00eb nga disa k\u00ebndv\u00ebshtrime fillestare dhe p\u00ebr t\u00eb gjetur nj\u00eb pik\u00eb dakord\u00ebsimi mes tyre.<\/p>\n<p>P\u00ebr mendimin tim ne t\u00eb huajt jemi k\u00ebtu vet\u00ebm p\u00ebr t\u00eb v\u00ebzhguar situat\u00ebn dhe p\u00ebr t\u00eb shpresuar p\u00ebr m\u00eb t\u00eb mir\u00ebn dhe nuk besoj se ambasador\u00ebt duhet t\u00eb nd\u00ebrhyjn\u00eb n\u00eb pun\u00ebt e brendshme t\u00eb vendit.<\/p>\n<p>K\u00ebto jan\u00eb v\u00ebshtir\u00ebsi q\u00eb duhet ti zgjidhni. \u00cbsht\u00eb nj\u00eb v\u00ebshtir\u00ebsi dhe shpresojm\u00eb q\u00eb do t\u00eb zgjidhet shpejt. Duhet t\u00eb gjendet nj\u00eb zgjidhje dhe pa kaluar shum\u00eb koh\u00eb madje.<\/p>\n<p>Spanja ka qen\u00eb gjithmon\u00eb pozitive sa i takon perspektiv\u00ebs s\u00eb Shqip\u00ebris\u00eb p\u00ebr n\u00eb BE dhe vazhdojm\u00eb t\u00eb jemi me k\u00ebt\u00eb q\u00ebndrim, por Shqip\u00ebria duhet fillimisht t\u00eb zgjidh\u00eb problemet e saj sepse nj\u00eb situat\u00eb kaq e v\u00ebshtir\u00eb komplikon rrug\u00ebtimin drejt BE por shpresojm\u00eb q\u00eb kur t\u00eb vij\u00eb momenti i duhur zgjidhja do t\u00eb jet\u00eb e p\u00ebrshtatshme.<\/p>\n<p>&nbsp;<\/p>","protected":false},"excerpt":{"rendered":"<p>&nbsp; Ambasadori spanjoll n\u00eb vendin ton\u00eb,Vicente Canelles Montero ka komentuar nga Kor\u00e7a kriz\u00ebn politike n\u00eb vend. Ai ka deklaruar se duhet t\u00eb dialogojn\u00eb pal\u00ebt politike n\u00eb vend. \u201cShqip\u00ebria duhet t\u00eb vendos\u00eb vet\u00eb sesi t\u00eb dal\u00eb nga kjo kriz\u00eb. N\u00eb Spanj\u00eb situata t\u00eb tilla jan\u00eb zgjidhur me dialog pal\u00ebve. Ne ambasador\u00ebt jemi p\u00ebr t\u00eb v\u00ebzhguar jo [&hellip;]<\/p>\n","protected":false},"author":2013,"featured_media":98652,"comment_status":"open","ping_status":"closed","sticky":false,"template":"","format":"standard","meta":{"footnotes":""},"categories":[241,235],"tags":[],"class_list":{"0":"post-98651","1":"post","2":"type-post","3":"status-publish","4":"format-standard","5":"has-post-thumbnail","7":"category-aktualitet","8":"category-vendi"},"_links":{"self":[{"href":"https:\/\/zjarr.tv\/en\/wp-json\/wp\/v2\/posts\/98651","targetHints":{"allow":["GET"]}}],"collection":[{"href":"https:\/\/zjarr.tv\/en\/wp-json\/wp\/v2\/posts"}],"about":[{"href":"https:\/\/zjarr.tv\/en\/wp-json\/wp\/v2\/types\/post"}],"author":[{"embeddable":true,"href":"https:\/\/zjarr.tv\/en\/wp-json\/wp\/v2\/users\/2013"}],"replies":[{"embeddable":true,"href":"https:\/\/zjarr.tv\/en\/wp-json\/wp\/v2\/comments?post=98651"}],"version-history":[{"count":0,"href":"https:\/\/zjarr.tv\/en\/wp-json\/wp\/v2\/posts\/98651\/revisions"}],"wp:featuredmedia":[{"embeddable":true,"href":"https:\/\/zjarr.tv\/en\/wp-json\/wp\/v2\/media\/98652"}],"wp:attachment":[{"href":"https:\/\/zjarr.tv\/en\/wp-json\/wp\/v2\/media?parent=98651"}],"wp:term":[{"taxonomy":"category","embeddable":true,"href":"https:\/\/zjarr.tv\/en\/wp-json\/wp\/v2\/categories?post=98651"},{"taxonomy":"post_tag","embeddable":true,"href":"https:\/\/zjarr.tv\/en\/wp-json\/wp\/v2\/tags?post=98651"}],"curies":[{"name":"wp","href":"https:\/\/api.w.org\/{rel}","templated":true}]}}