{"id":98660,"date":"2019-07-26T14:04:11","date_gmt":"2019-07-26T12:04:11","guid":{"rendered":"https:\/\/zjarr.tv\/?p=98660"},"modified":"2019-07-26T14:04:11","modified_gmt":"2019-07-26T12:04:11","slug":"thirrja-e-ish-deputetes-cohuni-shqiptare-qeveria-e-bandave-filloi-te-shtetezoje-pronen-private","status":"publish","type":"post","link":"https:\/\/zjarr.tv\/en\/thirrja-e-ish-deputetes-cohuni-shqiptare-qeveria-e-bandave-filloi-te-shtetezoje-pronen-private\/","title":{"rendered":"Thirrja e ish deputetes: \u00c7ohuni shqiptar\u00eb, qeveria e bandave filloi te shtetezoje, pronen private"},"content":{"rendered":"<p>&nbsp;<\/p>\n<p>Nga Orjola Pampuri\/<\/p>\n<p>Qeveria e bandave filloi t\u00eb shtet\u00ebzoj\u00eb, pron\u00ebn private.<br \/>\nSot edhe pas q\u00ebndres\u00ebs s\u00eb pronareve t\u00eb ligjsh\u00ebm, arriti t\u00eb nxjerr\u00eb nga prona e tyre pronar\u00ebt e 4 bizneseve n\u00eb Rrug\u00ebn e Kavaj\u00ebs.<\/p>\n<p>\u00c7menduria e shefit te bandave dhe qeveris\u00eb s\u00eb krimit nuk paska t\u00eb sosur. \u00c7do dit\u00eb uzurpon pronat publike, tashm\u00eb dhe ato private p\u00ebr interesa t\u00eb saj, p\u00ebr t\u00eb nd\u00ebrtuar kulla, p\u00ebr t\u00eb ngopur oligark\u00ebt e p\u00ebr t\u00eb pastruar parat\u00eb.<\/p>\n<p>E gjitha kjo n\u00eb kurriz t\u00eb qytetareve t\u00eb ndersh\u00ebm.<br \/>\n\u00c7ohuni Shqiptar\u00eb, bijt\u00eb e et\u00ebrve po \u00e7ojn\u00eb amanetin n\u00eb vend, e n\u00ebse ne nuk reagojm\u00eb do i gjejm\u00eb papritur duke zaptuar edhe sht\u00ebpite tona.<\/p>\n<p>&nbsp;<\/p>","protected":false},"excerpt":{"rendered":"<p>&nbsp; Nga Orjola Pampuri\/ Qeveria e bandave filloi t\u00eb shtet\u00ebzoj\u00eb, pron\u00ebn private. Sot edhe pas q\u00ebndres\u00ebs s\u00eb pronareve t\u00eb ligjsh\u00ebm, arriti t\u00eb nxjerr\u00eb nga prona e tyre pronar\u00ebt e 4 bizneseve n\u00eb Rrug\u00ebn e Kavaj\u00ebs. \u00c7menduria e shefit te bandave dhe qeveris\u00eb s\u00eb krimit nuk paska t\u00eb sosur. \u00c7do dit\u00eb uzurpon pronat publike, tashm\u00eb dhe [&hellip;]<\/p>\n","protected":false},"author":2013,"featured_media":58571,"comment_status":"open","ping_status":"closed","sticky":false,"template":"","format":"standard","meta":{"footnotes":""},"categories":[241,235],"tags":[],"class_list":{"0":"post-98660","1":"post","2":"type-post","3":"status-publish","4":"format-standard","5":"has-post-thumbnail","7":"category-aktualitet","8":"category-vendi"},"_links":{"self":[{"href":"https:\/\/zjarr.tv\/en\/wp-json\/wp\/v2\/posts\/98660","targetHints":{"allow":["GET"]}}],"collection":[{"href":"https:\/\/zjarr.tv\/en\/wp-json\/wp\/v2\/posts"}],"about":[{"href":"https:\/\/zjarr.tv\/en\/wp-json\/wp\/v2\/types\/post"}],"author":[{"embeddable":true,"href":"https:\/\/zjarr.tv\/en\/wp-json\/wp\/v2\/users\/2013"}],"replies":[{"embeddable":true,"href":"https:\/\/zjarr.tv\/en\/wp-json\/wp\/v2\/comments?post=98660"}],"version-history":[{"count":0,"href":"https:\/\/zjarr.tv\/en\/wp-json\/wp\/v2\/posts\/98660\/revisions"}],"wp:featuredmedia":[{"embeddable":true,"href":"https:\/\/zjarr.tv\/en\/wp-json\/wp\/v2\/media\/58571"}],"wp:attachment":[{"href":"https:\/\/zjarr.tv\/en\/wp-json\/wp\/v2\/media?parent=98660"}],"wp:term":[{"taxonomy":"category","embeddable":true,"href":"https:\/\/zjarr.tv\/en\/wp-json\/wp\/v2\/categories?post=98660"},{"taxonomy":"post_tag","embeddable":true,"href":"https:\/\/zjarr.tv\/en\/wp-json\/wp\/v2\/tags?post=98660"}],"curies":[{"name":"wp","href":"https:\/\/api.w.org\/{rel}","templated":true}]}}