{"id":98662,"date":"2019-07-26T14:05:12","date_gmt":"2019-07-26T12:05:12","guid":{"rendered":"https:\/\/zjarr.tv\/?p=98662"},"modified":"2019-07-26T14:05:12","modified_gmt":"2019-07-26T12:05:12","slug":"meta-nga-durresi-zgjedhjet-vendore-me-13-tetor","status":"publish","type":"post","link":"https:\/\/zjarr.tv\/en\/meta-nga-durresi-zgjedhjet-vendore-me-13-tetor\/","title":{"rendered":"Meta nga Durr\u00ebsi: Zgjedhjet vendore m\u00eb 13 tetor!"},"content":{"rendered":"<p>&nbsp;<\/p>\n<p>Presidenti i Republik\u00ebs Ilir Meta nga Durr\u00ebsi i b\u00ebri apel partive politike q\u00eb t\u00eb b\u00ebhen gati p\u00ebr zgjedhjet vendore t\u00eb 13 tetorit.<\/p>\n<p>Meta tha se p\u00ebr k\u00ebt\u00eb \u00e7\u00ebshtje ka njoftuar edhe Sekretarin e P\u00ebrgjithsh\u00ebm t\u00eb OSBE-s\u00eb, q\u00eb t\u00eb nd\u00ebrhyj\u00eb n\u00eb m\u00ebnyr\u00eb q\u00eb t\u00eb vendoset normaliteti n\u00eb vend.<\/p>\n<p>&nbsp;<\/p>","protected":false},"excerpt":{"rendered":"<p>&nbsp; Presidenti i Republik\u00ebs Ilir Meta nga Durr\u00ebsi i b\u00ebri apel partive politike q\u00eb t\u00eb b\u00ebhen gati p\u00ebr zgjedhjet vendore t\u00eb 13 tetorit. Meta tha se p\u00ebr k\u00ebt\u00eb \u00e7\u00ebshtje ka njoftuar edhe Sekretarin e P\u00ebrgjithsh\u00ebm t\u00eb OSBE-s\u00eb, q\u00eb t\u00eb nd\u00ebrhyj\u00eb n\u00eb m\u00ebnyr\u00eb q\u00eb t\u00eb vendoset normaliteti n\u00eb vend. &nbsp;<\/p>","protected":false},"author":2013,"featured_media":89894,"comment_status":"open","ping_status":"closed","sticky":false,"template":"","format":"standard","meta":{"footnotes":""},"categories":[241,235],"tags":[],"class_list":{"0":"post-98662","1":"post","2":"type-post","3":"status-publish","4":"format-standard","5":"has-post-thumbnail","7":"category-aktualitet","8":"category-vendi"},"_links":{"self":[{"href":"https:\/\/zjarr.tv\/en\/wp-json\/wp\/v2\/posts\/98662","targetHints":{"allow":["GET"]}}],"collection":[{"href":"https:\/\/zjarr.tv\/en\/wp-json\/wp\/v2\/posts"}],"about":[{"href":"https:\/\/zjarr.tv\/en\/wp-json\/wp\/v2\/types\/post"}],"author":[{"embeddable":true,"href":"https:\/\/zjarr.tv\/en\/wp-json\/wp\/v2\/users\/2013"}],"replies":[{"embeddable":true,"href":"https:\/\/zjarr.tv\/en\/wp-json\/wp\/v2\/comments?post=98662"}],"version-history":[{"count":0,"href":"https:\/\/zjarr.tv\/en\/wp-json\/wp\/v2\/posts\/98662\/revisions"}],"wp:featuredmedia":[{"embeddable":true,"href":"https:\/\/zjarr.tv\/en\/wp-json\/wp\/v2\/media\/89894"}],"wp:attachment":[{"href":"https:\/\/zjarr.tv\/en\/wp-json\/wp\/v2\/media?parent=98662"}],"wp:term":[{"taxonomy":"category","embeddable":true,"href":"https:\/\/zjarr.tv\/en\/wp-json\/wp\/v2\/categories?post=98662"},{"taxonomy":"post_tag","embeddable":true,"href":"https:\/\/zjarr.tv\/en\/wp-json\/wp\/v2\/tags?post=98662"}],"curies":[{"name":"wp","href":"https:\/\/api.w.org\/{rel}","templated":true}]}}