{"id":98664,"date":"2019-07-26T14:06:14","date_gmt":"2019-07-26T12:06:14","guid":{"rendered":"https:\/\/zjarr.tv\/?p=98664"},"modified":"2019-07-26T14:06:14","modified_gmt":"2019-07-26T12:06:14","slug":"meta-rama-te-heqe-dore-nga-shantazhet-nuk-ecet-ne-rruge-qe-stakohen","status":"publish","type":"post","link":"https:\/\/zjarr.tv\/en\/meta-rama-te-heqe-dore-nga-shantazhet-nuk-ecet-ne-rruge-qe-stakohen\/","title":{"rendered":"Meta: Rama t\u00eb heq\u00eb dor\u00eb nga shantazhet. nuk ecet n\u00eb rrug\u00eb q\u00eb s\u2019takohen"},"content":{"rendered":"<p>&nbsp;<\/p>\n<p>Presidenti i Republik\u00ebs Ilir Meta i ka b\u00ebr\u00eb thirrje kryeministrit Edi Rama t\u00eb heq\u00eb dor\u00eb nga shantazhet dhe presionet ndaj institucioneve t\u00eb tjera duke penguar zbatimin e dekretit t\u00eb tij p\u00ebr zgjedhjet e 13 tetorit. Ai tha se Shqip\u00ebria ndodhet n\u00eb nj\u00eb teat\u00ebr t\u00eb madh politik e absurd dhe iu b\u00ebri thirrje si maxhoranc\u00ebs ashtu dhe opozit\u00ebs t\u2019i japin fund. Presidenti iu drejtua tre lider\u00ebve politik\u00eb n\u00eb vend, Edi Ram\u00ebs, Lulzim Bash\u00ebs e Monika Kryemadhit duke i quajtur \u2018artist\u00eb\u2019.<\/p>\n<p>\u201cAjo q\u00eb na shqet\u00ebson m\u00eb shum\u00eb \u00ebsht\u00eb ky Teatri i madh politik, absurd, i cili k\u00ebrc\u00ebnon q\u00eb Shqip\u00ebria t\u00eb d\u00ebrrmoj\u00eb \u00e7do mund\u00ebsi p\u00ebr t\u00eb \u00e7elur negociatat n\u00eb 17-18 tetor. Prandaj dhe nj\u00ebher\u00eb iu b\u00ebj thirrje t\u00eb gjith\u00ebve, n\u00eb m\u00ebnyr\u00eb t\u00eb ve\u00e7ant\u00eb t\u00eb tre artist\u00ebve t\u2019i japin fund k\u00ebtij absurdi t\u00eb marrin masa p\u00ebr zgjedhjet vendore m\u00eb 13 tetor sepse qytetar\u00ebt shqiptar\u00eb kan\u00eb nevoj\u00eb t\u00eb ken\u00eb qet\u00ebsi, normalitet, nj\u00eb qeverisje vendore t\u00eb ligjshme dhe legjitime dhe po k\u00ebshtu q\u00eb garanton llogaridh\u00ebnie p\u00ebr t\u00eb gjitha shqet\u00ebsimet e tyre.<\/p>\n<p>Zgjedhjet vendore nuk besoj se zgjidhin gjith\u00e7ka por ky \u00ebsht\u00eb nj\u00eb detyrim ligjor dhe kushtetues i pashmangsh\u00ebm. N\u00eb radh\u00eb t\u00eb par\u00eb \u00ebsht\u00eb detyrim p\u00ebr kryeministrin q\u00eb t\u00eb heq\u00eb dor\u00eb nga shantazhet dhe presionet ndaj gjith\u00eb institucioneve t\u00eb tjera duke penguar zbatimin e k\u00ebtij dekreti dhe padyshim \u00ebsht\u00eb p\u00ebrgjegj\u00ebsi e gjith\u00eb t\u00eb tjer\u00ebve t\u00eb b\u00ebhen gati p\u00ebr t\u00eb marr\u00eb pjes\u00eb n\u00eb zgjedhjet e 13 tetorit.<br \/>\nKam formalizuar dhe nj\u00eb let\u00ebr d\u00ebrguar sekretarit t\u00eb OSBE p\u00ebr t\u00eb negociuar me t\u00eb dyja pal\u00ebt p\u00ebr arritjen e nj\u00eb zgjidhje sa m\u00eb t\u00eb shpejt\u00eb n\u00eb dit\u00ebt n\u00eb vijim, pasi nuk kemi koh\u00eb p\u00ebr t\u00eb parandaluar jo vet\u00ebm p\u00ebrshkall\u00ebzimin e k\u00ebsaj situate por edhe e padenj\u00eb p\u00ebr nj\u00eb vend q\u00eb duhet t\u00eb jet\u00eb shembull\u201d, deklaroi Meta.<\/p>\n<p>Ai tha se kam insistuar prej koh\u00ebsh p\u00ebr nj\u00eb dialog t\u00eb q\u00ebndruesh\u00ebm, jo p\u00ebr demagogji por p\u00ebr marrje p\u00ebrgjegj\u00ebsish nga t\u00eb gjitha pal\u00ebt.<br \/>\n\u201cSot kemi nj\u00eb parlament q\u00eb nuk jep llogari para askujt, nj\u00eb shumic\u00eb q\u00eb kontrollon gjith\u00e7ka. Sot jemi n\u00eb nj\u00eb situat\u00eb kaotike n\u00eb t\u00eb gjitha drejtimet. Opozita i ka pasur t\u00eb gjitha mund\u00ebsit\u00eb p\u00ebr t\u00eb parandaluar me propozime me k\u00ebmb\u00eb n\u00eb tok\u00eb. Shqip\u00ebria nuk mund t\u00eb ec\u00eb n\u00eb dy rrug\u00eb q\u00eb nuk takohen me nj\u00ebra-tjetr\u00ebn, rruga e kapjes s\u00eb t\u00eb gjitha institucioneve nga nj\u00ebra an\u00eb dhe rruga tjet\u00ebr e de legjitimimit t\u00eb gjitha institucioneve. ne kemi nevoj\u00eb p\u00ebr nj\u00eb rrug\u00eb, rruga e p\u00ebrbashk\u00ebt e an\u00ebtar\u00ebsimit n\u00eb BE\u201d, tha ai.<\/p>\n<p>&nbsp;<\/p>","protected":false},"excerpt":{"rendered":"<p>&nbsp; Presidenti i Republik\u00ebs Ilir Meta i ka b\u00ebr\u00eb thirrje kryeministrit Edi Rama t\u00eb heq\u00eb dor\u00eb nga shantazhet dhe presionet ndaj institucioneve t\u00eb tjera duke penguar zbatimin e dekretit t\u00eb tij p\u00ebr zgjedhjet e 13 tetorit. Ai tha se Shqip\u00ebria ndodhet n\u00eb nj\u00eb teat\u00ebr t\u00eb madh politik e absurd dhe iu b\u00ebri thirrje si maxhoranc\u00ebs [&hellip;]<\/p>\n","protected":false},"author":2013,"featured_media":89894,"comment_status":"open","ping_status":"closed","sticky":false,"template":"","format":"standard","meta":{"footnotes":""},"categories":[241,235],"tags":[],"class_list":{"0":"post-98664","1":"post","2":"type-post","3":"status-publish","4":"format-standard","5":"has-post-thumbnail","7":"category-aktualitet","8":"category-vendi"},"_links":{"self":[{"href":"https:\/\/zjarr.tv\/en\/wp-json\/wp\/v2\/posts\/98664","targetHints":{"allow":["GET"]}}],"collection":[{"href":"https:\/\/zjarr.tv\/en\/wp-json\/wp\/v2\/posts"}],"about":[{"href":"https:\/\/zjarr.tv\/en\/wp-json\/wp\/v2\/types\/post"}],"author":[{"embeddable":true,"href":"https:\/\/zjarr.tv\/en\/wp-json\/wp\/v2\/users\/2013"}],"replies":[{"embeddable":true,"href":"https:\/\/zjarr.tv\/en\/wp-json\/wp\/v2\/comments?post=98664"}],"version-history":[{"count":0,"href":"https:\/\/zjarr.tv\/en\/wp-json\/wp\/v2\/posts\/98664\/revisions"}],"wp:featuredmedia":[{"embeddable":true,"href":"https:\/\/zjarr.tv\/en\/wp-json\/wp\/v2\/media\/89894"}],"wp:attachment":[{"href":"https:\/\/zjarr.tv\/en\/wp-json\/wp\/v2\/media?parent=98664"}],"wp:term":[{"taxonomy":"category","embeddable":true,"href":"https:\/\/zjarr.tv\/en\/wp-json\/wp\/v2\/categories?post=98664"},{"taxonomy":"post_tag","embeddable":true,"href":"https:\/\/zjarr.tv\/en\/wp-json\/wp\/v2\/tags?post=98664"}],"curies":[{"name":"wp","href":"https:\/\/api.w.org\/{rel}","templated":true}]}}