{"id":98669,"date":"2019-07-26T14:10:49","date_gmt":"2019-07-26T12:10:49","guid":{"rendered":"https:\/\/zjarr.tv\/?p=98669"},"modified":"2019-07-26T14:10:49","modified_gmt":"2019-07-26T12:10:49","slug":"germadhe-qe-vetem-emrin-ka-teater-rama-citon-aktoren-e-njohur","status":"publish","type":"post","link":"https:\/\/zjarr.tv\/en\/germadhe-qe-vetem-emrin-ka-teater-rama-citon-aktoren-e-njohur\/","title":{"rendered":"\u201cG\u00ebrmadh\u00eb q\u00eb vet\u00ebm emrin ka teat\u00ebr\u201d, Rama citon aktoren e njohur"},"content":{"rendered":"<p>&nbsp;<\/p>\n<p>Kryeministri Edi Rama vijon postimet e tij p\u00ebr Teatrin Komb\u00ebtar. Sipas tij, godina aktuale \u00ebsht\u00eb nj\u00eb g\u00ebrmadh\u00eb q\u00eb vet\u00ebm emrin ka teat\u00ebr.<\/p>\n<p>N\u00eb nj\u00eb mendim me t\u00eb, Rama thot\u00eb se \u00ebsht\u00eb edhe aktorja e njohur Drita Haxhiraj, e cila si\u00e7 shprehet ai, \u00ebsht\u00eb pro nd\u00ebrtimit t\u00eb nj\u00eb teatri t\u00eb ri.<\/p>\n<p><strong>STATUSI I PLOTE<\/strong><br \/>\nAktorja e njohur Drita Haxhiraj, \u00ebsht\u00eb ngjitur nj\u00eb jet\u00eb t\u00eb t\u00ebr\u00eb n\u00eb sken\u00ebn e Teatrit Komb\u00ebtar. Ajo b\u00ebn pjes\u00eb tek shumica e komunitetit teatror q\u00eb k\u00ebrkon nd\u00ebrtimin e nj\u00eb Teatrit t\u00eb Ri Komb\u00ebtar n\u00eb vend t\u00eb kapanonit t\u00eb ushtris\u00eb italiane, i cili u kthye n\u00eb teat\u00ebr gjat\u00eb komunizmit dhe mbeti nj\u00eb karakatin\u00eb gjithnj\u00eb e m\u00eb jodinjitoze, deri sot e gjith\u00eb dit\u00ebn. Nj\u00eb g\u00ebrmadhe q\u00eb vet\u00ebm emrin ka teat\u00ebr, e q\u00eb as n\u00eb dit\u00ebt e veta m\u00eb t\u00eb mira nuk e ka leht\u00ebsuar, po e ka v\u00ebshtir\u00ebsuar dhe d\u00ebmtuar aktivitetin artistik me kushtet e veta mizerab\u00ebl, me hap\u00ebsirat krejt t\u00eb pap\u00ebrshtatshme p\u00ebr nj\u00eb teat\u00ebr normal (l\u00ebre pastaj KOMB\u00cbTAR), me munges\u00ebn e mjediseve p\u00ebr aktor\u00ebt e me radh\u00eb.<\/p>\n<p>DRITA HAXHIRAJ:<br \/>\nN\u00eb at\u00eb godin\u00eb ruajm\u00eb kujtime t\u00eb hidhura edhe t\u00eb \u00ebmbla. Godina \u00ebsht\u00eb shum\u00eb e shtrenjt\u00eb p\u00ebr ne, \u00ebsht\u00eb \u201cJerusalemi yn\u00eb\u201d, si\u00e7 ka th\u00ebn\u00eb edhe Robert Ndrenika. Por duhet t\u2019ju them se gjendja e saj fizike \u00ebsht\u00eb e r\u00ebnd\u00eb. Kur ne futeshim posht\u00eb sken\u00ebs p\u00ebr t\u00eb kaluar n\u00eb an\u00ebn tjet\u00ebr, atje kishte lag\u00ebshtir\u00eb dhe myk. Aty jan\u00eb s\u00ebmurur shum\u00eb aktor\u00eb. N\u00eb vitet 1972-\u201973, Naim Frash\u00ebri, Violeta Manushi, Sulejman Pitarka diskutonin p\u00ebr t\u00eb b\u00ebr\u00eb nj\u00eb teat\u00ebr t\u00eb ri, sepse t\u00eb gjith\u00eb po s\u00ebmureshin nga mushk\u00ebrit\u00eb. Pjet\u00ebr Gjoka u s\u00ebmur nga mushk\u00ebrit\u00eb. P\u00ebr mos t\u2019ju th\u00ebn\u00eb edhe t\u00eb fundit, q\u00eb p\u00ebr shkak t\u00eb mushk\u00ebrive \u00ebsht\u00eb ndar\u00eb nga jeta kolegu dhe partneri q\u00eb nga f\u00ebmij\u00ebria, Roland Trebicka. Vet\u00eb ata q\u00eb e krijuan e ngrit\u00ebn si problem se duhet nj\u00eb teat\u00ebr i ri. Ata donin vendin, territorin, por jo muret. Ky \u00ebsht\u00eb amaneti i tyre! Ne jemi me ta, q\u00eb teatri t\u00eb b\u00ebhet i ri dhe modern, jo p\u00ebr t\u00eb kaluar radh\u00ebn apo p\u00ebr t\u00eb p\u00ebrfituar ndonj\u00eb tjet\u00ebr. T\u00eb jet\u00eb aty ku \u00ebsht\u00eb, t\u00eb nd\u00ebrtohet bukur edhe t\u2019u vlej\u00eb brezave t\u00eb ardhsh\u00ebm.<\/p>\n<p>&nbsp;<\/p>","protected":false},"excerpt":{"rendered":"<p>&nbsp; Kryeministri Edi Rama vijon postimet e tij p\u00ebr Teatrin Komb\u00ebtar. Sipas tij, godina aktuale \u00ebsht\u00eb nj\u00eb g\u00ebrmadh\u00eb q\u00eb vet\u00ebm emrin ka teat\u00ebr. N\u00eb nj\u00eb mendim me t\u00eb, Rama thot\u00eb se \u00ebsht\u00eb edhe aktorja e njohur Drita Haxhiraj, e cila si\u00e7 shprehet ai, \u00ebsht\u00eb pro nd\u00ebrtimit t\u00eb nj\u00eb teatri t\u00eb ri. STATUSI I PLOTE Aktorja [&hellip;]<\/p>\n","protected":false},"author":2013,"featured_media":83866,"comment_status":"open","ping_status":"closed","sticky":false,"template":"","format":"standard","meta":{"footnotes":""},"categories":[241,235],"tags":[],"class_list":{"0":"post-98669","1":"post","2":"type-post","3":"status-publish","4":"format-standard","5":"has-post-thumbnail","7":"category-aktualitet","8":"category-vendi"},"_links":{"self":[{"href":"https:\/\/zjarr.tv\/en\/wp-json\/wp\/v2\/posts\/98669","targetHints":{"allow":["GET"]}}],"collection":[{"href":"https:\/\/zjarr.tv\/en\/wp-json\/wp\/v2\/posts"}],"about":[{"href":"https:\/\/zjarr.tv\/en\/wp-json\/wp\/v2\/types\/post"}],"author":[{"embeddable":true,"href":"https:\/\/zjarr.tv\/en\/wp-json\/wp\/v2\/users\/2013"}],"replies":[{"embeddable":true,"href":"https:\/\/zjarr.tv\/en\/wp-json\/wp\/v2\/comments?post=98669"}],"version-history":[{"count":0,"href":"https:\/\/zjarr.tv\/en\/wp-json\/wp\/v2\/posts\/98669\/revisions"}],"wp:featuredmedia":[{"embeddable":true,"href":"https:\/\/zjarr.tv\/en\/wp-json\/wp\/v2\/media\/83866"}],"wp:attachment":[{"href":"https:\/\/zjarr.tv\/en\/wp-json\/wp\/v2\/media?parent=98669"}],"wp:term":[{"taxonomy":"category","embeddable":true,"href":"https:\/\/zjarr.tv\/en\/wp-json\/wp\/v2\/categories?post=98669"},{"taxonomy":"post_tag","embeddable":true,"href":"https:\/\/zjarr.tv\/en\/wp-json\/wp\/v2\/tags?post=98669"}],"curies":[{"name":"wp","href":"https:\/\/api.w.org\/{rel}","templated":true}]}}